{"id":1034,"date":"2019-11-03T17:46:51","date_gmt":"2019-11-03T17:46:51","guid":{"rendered":"http:\/\/caminhododao.org\/?p=1034"},"modified":"2019-11-03T17:55:01","modified_gmt":"2019-11-03T17:55:01","slug":"inspiration","status":"publish","type":"post","link":"https:\/\/caminhododao.org\/pt\/2019\/inspiration\/","title":{"rendered":"Inspira\u00e7\u00e3o"},"content":{"rendered":"<div id=\"pl-1034\"  class=\"panel-layout\" ><div id=\"pg-1034-0\"  class=\"panel-grid panel-no-style\" ><div id=\"pgc-1034-0-0\"  class=\"panel-grid-cell\" ><div id=\"panel-1034-0-0-0\" class=\"so-panel widget widget_sow-image panel-first-child panel-last-child\" data-index=\"0\" ><div\n\t\t\t\n\t\t\tclass=\"so-widget-sow-image so-widget-sow-image-default-8b5b6f678277-1034\"\n\t\t\t\n\t\t>\n\n<div class=\"sow-image-container\">\n\t\t<img decoding=\"async\" src=\"https:\/\/caminhododao.org\/wp-content\/uploads\/2019\/11\/Philosophy-of-walking.jpg\" width=\"628\" height=\"1050\" srcset=\"https:\/\/caminhododao.org\/wp-content\/uploads\/2019\/11\/Philosophy-of-walking.jpg 628w, https:\/\/caminhododao.org\/wp-content\/uploads\/2019\/11\/Philosophy-of-walking-179x300.jpg 179w, https:\/\/caminhododao.org\/wp-content\/uploads\/2019\/11\/Philosophy-of-walking-612x1024.jpg 612w\" sizes=\"(max-width: 628px) 100vw, 628px\" title=\"Philosophy of walking\" alt=\"\" loading=\"lazy\" \t\tclass=\"so-widget-image\"\/>\n\t<\/div>\n\n<\/div><\/div><\/div><div id=\"pgc-1034-0-1\"  class=\"panel-grid-cell\" ><div id=\"panel-1034-0-1-0\" class=\"so-panel widget widget_sow-editor panel-first-child panel-last-child\" data-index=\"1\" ><div\n\t\t\t\n\t\t\tclass=\"so-widget-sow-editor so-widget-sow-editor-base\"\n\t\t\t\n\t\t><h3 class=\"widget-title\">Uma Filosofia da Caminhar - Fr\u00e9d\u00e9ric Gros<\/h3>\n<div class=\"siteorigin-widget-tinymce textwidget\">\n\t<p>A leitura deste livro magn\u00edfico sobre caminhadas durante o inverno de 2018 e 2019 foi o que me levou a finalmente cumprir o desejo h\u00e1 muito acalentado de caminhar pelo vale do D\u00e3o. Sou sempre grato a Fr\u00e9d\u00e9ric Gros por seu conhecimento corporificado, prosa inspiradora e pesquisa sobre o poder do simples ato de andar. Acho que nunca sublinhei tanto em um livro como neste livro e \u00e9 uma refer\u00eancia valiosa em qualquer hist\u00f3ria sobre caminhar. Seria \u00f3timo incluir a leitura deste livro no projeto do Caminho do D\u00e3o de uma maneira muito concreta, pois acho que todo mundo com interesse em caminhar adoraria ler e falar sobre isso.<\/p>\n<p><a href=\"https:\/\/www.nytimes.com\/2014\/12\/21\/books\/review\/a-philosophy-of-walking-by-frdric-gros.html\" target=\"_blank\" rel=\"noopener\">Read more about the book in this article from the NYT Book Review.<\/a><\/p>\n<\/div>\n<\/div><\/div><\/div><\/div><\/div>","protected":false},"excerpt":{"rendered":"<p>Reading this magnificent book about walking during the winter of 2018 and 2019 was what moved me to finally fulfill the long cherished desire to&hellip;<\/p>","protected":false},"author":2,"featured_media":1035,"comment_status":"open","ping_status":"open","sticky":false,"template":"","format":"standard","meta":{"_monsterinsights_skip_tracking":false,"_monsterinsights_sitenote_active":false,"_monsterinsights_sitenote_note":"","_monsterinsights_sitenote_category":0,"footnotes":""},"categories":[26,24],"tags":[],"_links":{"self":[{"href":"https:\/\/caminhododao.org\/pt\/wp-json\/wp\/v2\/posts\/1034"}],"collection":[{"href":"https:\/\/caminhododao.org\/pt\/wp-json\/wp\/v2\/posts"}],"about":[{"href":"https:\/\/caminhododao.org\/pt\/wp-json\/wp\/v2\/types\/post"}],"author":[{"embeddable":true,"href":"https:\/\/caminhododao.org\/pt\/wp-json\/wp\/v2\/users\/2"}],"replies":[{"embeddable":true,"href":"https:\/\/caminhododao.org\/pt\/wp-json\/wp\/v2\/comments?post=1034"}],"version-history":[{"count":6,"href":"https:\/\/caminhododao.org\/pt\/wp-json\/wp\/v2\/posts\/1034\/revisions"}],"predecessor-version":[{"id":1042,"href":"https:\/\/caminhododao.org\/pt\/wp-json\/wp\/v2\/posts\/1034\/revisions\/1042"}],"wp:featuredmedia":[{"embeddable":true,"href":"https:\/\/caminhododao.org\/pt\/wp-json\/wp\/v2\/media\/1035"}],"wp:attachment":[{"href":"https:\/\/caminhododao.org\/pt\/wp-json\/wp\/v2\/media?parent=1034"}],"wp:term":[{"taxonomy":"category","embeddable":true,"href":"https:\/\/caminhododao.org\/pt\/wp-json\/wp\/v2\/categories?post=1034"},{"taxonomy":"post_tag","embeddable":true,"href":"https:\/\/caminhododao.org\/pt\/wp-json\/wp\/v2\/tags?post=1034"}],"curies":[{"name":"wp","href":"https:\/\/api.w.org\/{rel}","templated":true}]}}