{"id":1491,"date":"2020-04-01T11:05:25","date_gmt":"2020-04-01T11:05:25","guid":{"rendered":"http:\/\/caminhododao.org\/?p=1491"},"modified":"2020-04-24T20:59:20","modified_gmt":"2020-04-24T20:59:20","slug":"the-bigger-picture","status":"publish","type":"post","link":"https:\/\/caminhododao.org\/pt\/2020\/the-bigger-picture\/","title":{"rendered":"~ Comunicado \u00e0 imprensa ~ Mar\u00e7o 2020"},"content":{"rendered":"<div id=\"pl-1491\"  class=\"panel-layout\" ><div id=\"pg-1491-0\"  class=\"panel-grid panel-no-style\" ><div id=\"pgc-1491-0-0\"  class=\"panel-grid-cell\" ><div id=\"panel-1491-0-0-0\" class=\"so-panel widget widget_sow-editor panel-first-child\" data-index=\"0\" ><div\n\t\t\t\n\t\t\tclass=\"so-widget-sow-editor so-widget-sow-editor-base\"\n\t\t\t\n\t\t>\n<div class=\"siteorigin-widget-tinymce textwidget\">\n\t<p>Este comunicado \u00e0 imprensa descreve a vis\u00e3o por tr\u00e1s do Caminho do D\u00e3o e como a trilha pode ser um ve\u00edculo para o desenvolvimento regional.<\/p>\n<\/div>\n<\/div><\/div><div id=\"panel-1491-0-0-1\" class=\"so-panel widget widget_sow-editor panel-last-child\" data-index=\"1\" ><div\n\t\t\t\n\t\t\tclass=\"so-widget-sow-editor so-widget-sow-editor-base\"\n\t\t\t\n\t\t><h3 class=\"widget-title\">O Caminho do D\u00e3o est\u00e1 a caminho!<\/h3>\n<div class=\"siteorigin-widget-tinymce textwidget\">\n\t<p>Comunicado \u00e0 imprensa 04-03-2020<\/p>\n<p>Alimentado pela paix\u00e3o pelo vale do rio D\u00e3o e a cren\u00e7a no poder de caminhar, est\u00e1 a ser desenvolvido um novo trilho: O Caminho do D\u00e3o, uma peregrina\u00e7\u00e3o de uma semana, em comunh\u00e3o com a natureza, descendo todo o trajeto do vale do D\u00e3o, da nascente at\u00e9 \u00e0 foz. Uma peregrina\u00e7\u00e3o \u00e9 um ato simples, mas poderoso, que pode gerar um sentimento de liga\u00e7\u00e3o com o mundo, connosco mesmos e de paz e regenera\u00e7\u00e3o, apenas caminhando. Esta \u00e9 a vivencia que o Caminho do D\u00e3o pretende proporcionar. Na primavera do 2019, o trilho foi explorado e descrito pela primeira vez, e esta primavera os primeiros grupos guiados percorr\u00ea-lo-\u00e3o.<\/p>\n<p>Para al\u00e9m de ser uma vivencia interessante para os visitantes, O Caminho do D\u00e3o tamb\u00e9m pretende ser de valor para as comunidades locais. Um dos objetivos do trilho \u00e9 dar for\u00e7a a um sentimento de liga\u00e7\u00e3o entre a comunidade local e o vale, e dessa maneira, contribuir para o bem-estar geral (orgulho e sentimento de perten\u00e7a) das pessoas que habitam no vale. Se o trilho \u00e9 valorizado tanto pelos visitantes como pelos habitantes, pode ajudar a aumentar os esfor\u00e7os regionais para valorizar e salvaguardar as qualidades naturais e culturais do vale, que \u00e9 um dos objetivos principais deste projeto no vale do D\u00e3o.<\/p>\n<p>A miss\u00e3o do projeto \u00e9 'contribuir para a vida (flora, fauna e humana) no vale'. Como produto tur\u00edstico n\u00e3o pretende apenas beneficiar das qualidades naturais e culturais do vale, mas tamb\u00e9m se de beneficio e preserv\u00e1-las. O Caminho do D\u00e3o \u00e9 visionado como uma experi\u00eancia de Turismo em Regenerativo e trabalha com m\u00e9todos baseados no \"Desenvolvimento Regenerativo\" *. Este projeto est\u00e1 baseado numa consci\u00eancia de situa\u00e7\u00e3o social e ambiental no vale, e nas ricas camadas de significados e simbolismos de um rio que tem o nome D\u00e3o. D\u00e3o \u00e9 uma forma conjugada do verbo dar: eles d\u00e3o. Adicionalmente \"O D\u00e3o\" \u00e9 o mesmo que 'O Tao', que literalmente significa 'o caminho', sendo uma filosofia oriental baseada na ideia de interconetividade da vida. Por \u00faltimo, mas n\u00e3o menos importante, um rio \u00e9 historicamente considerado um s\u00edmbolo de vida.<\/p>\n<p>Os primeiros pequenos passos est\u00e3o a ser dados para concretizar a miss\u00e3o do projeto. Est\u00e1 a ser delineado um projeto piloto de 'Turismo Regenerativo', em colabora\u00e7\u00e3o com a Freguesia de S\u00e3o Jo\u00e3o de Lourosa e a Escola Superior Agr\u00e1ria de Viseu\/IPV, no qual uma percentagem da receita do Caminho do D\u00e3o ser\u00e1 destinada \u00e0 conserva\u00e7\u00e3o da natureza, em \u00e1reas espec\u00edficas ao longo do rio. Nesta mesma Freguesia, as associa\u00e7\u00f5es locais t\u00eam demonstrado interesse em executando trabalho para manter o trilho aberto. Sob o t\u00edtulo 'O Caminho do D\u00e3o - um caminho de inspira\u00e7\u00e3o', a organiza\u00e7\u00e3o est\u00e1 a convidar profissionais\/especialistas, de diversas forma\u00e7\u00f5es (como agricultura, biologia, arte, educa\u00e7\u00e3o ambiental, bem-estar, antropologia etc.) para caminhar juntos neste trilho. O objetivo dessas parcerias \u00e9 gerar conversas, ideias e conte\u00fados que possam contribuir para tornar o Caminho do D\u00e3o um projeto que beneficia e sustenta a vida no vale do D\u00e3o de v\u00e1rias maneiras.<\/p>\n<p>Freya van Dien,<br \/>\nMoinhos do D\u00e3o, Fornos de Maceira D\u00e3o<\/p>\n<p>* O trilho pode inicialmente ser experimentado como um programa de caminhada em grupo e, no futuro, ser\u00e1 tamb\u00e9m oferecido em pacote, incluindo a rota em coordenadas GPS, pernoitas e refei\u00e7\u00f5es.<\/p>\n<p>* <a href=\"https:\/\/en.wikipedia.org\/wiki\/Regenerative_design\" target=\"_blank\" rel=\"noopener\"><strong>Desenvolvimento Regenerativo<\/strong><\/a>\u00a0\u00e9 uma abordagem ao desenvolvimento\/design orientada para o processo e percebendo sistemas inteiros. O termo \"regenerativo\" descreve processos que restauram, renovam ou revitalizam as suas pr\u00f3prias fontes de energia e materiais. O desenvolvimento\/design regenerativo usa a perspectiva dos sistemas inteiros para criar sistemas resilientes e equitativos que integram as necessidades da sociedade na integridade da natureza. Mais sobre este conceito <a href=\"https:\/\/regenesisgroup.com\/book\" target=\"_blank\" rel=\"noopener\">aqui<\/a>.<\/p>\n<\/div>\n<\/div><\/div><\/div><\/div><\/div>","protected":false},"excerpt":{"rendered":"<p>This press release describes the vision behind de Caminho do D\u00e3o and how the hiking trail can be a vehicle for regional development. Press release&hellip;<\/p>","protected":false},"author":2,"featured_media":675,"comment_status":"open","ping_status":"open","sticky":false,"template":"","format":"standard","meta":{"_monsterinsights_skip_tracking":false,"_monsterinsights_sitenote_active":false,"_monsterinsights_sitenote_note":"","_monsterinsights_sitenote_category":0,"footnotes":""},"categories":[30,31,27,28,29],"tags":[],"_links":{"self":[{"href":"https:\/\/caminhododao.org\/pt\/wp-json\/wp\/v2\/posts\/1491"}],"collection":[{"href":"https:\/\/caminhododao.org\/pt\/wp-json\/wp\/v2\/posts"}],"about":[{"href":"https:\/\/caminhododao.org\/pt\/wp-json\/wp\/v2\/types\/post"}],"author":[{"embeddable":true,"href":"https:\/\/caminhododao.org\/pt\/wp-json\/wp\/v2\/users\/2"}],"replies":[{"embeddable":true,"href":"https:\/\/caminhododao.org\/pt\/wp-json\/wp\/v2\/comments?post=1491"}],"version-history":[{"count":18,"href":"https:\/\/caminhododao.org\/pt\/wp-json\/wp\/v2\/posts\/1491\/revisions"}],"predecessor-version":[{"id":1503,"href":"https:\/\/caminhododao.org\/pt\/wp-json\/wp\/v2\/posts\/1491\/revisions\/1503"}],"wp:featuredmedia":[{"embeddable":true,"href":"https:\/\/caminhododao.org\/pt\/wp-json\/wp\/v2\/media\/675"}],"wp:attachment":[{"href":"https:\/\/caminhododao.org\/pt\/wp-json\/wp\/v2\/media?parent=1491"}],"wp:term":[{"taxonomy":"category","embeddable":true,"href":"https:\/\/caminhododao.org\/pt\/wp-json\/wp\/v2\/categories?post=1491"},{"taxonomy":"post_tag","embeddable":true,"href":"https:\/\/caminhododao.org\/pt\/wp-json\/wp\/v2\/tags?post=1491"}],"curies":[{"name":"wp","href":"https:\/\/api.w.org\/{rel}","templated":true}]}}