{"id":1556,"date":"2020-04-25T12:14:27","date_gmt":"2020-04-25T12:14:27","guid":{"rendered":"http:\/\/caminhododao.org\/?p=1556"},"modified":"2020-04-25T12:32:32","modified_gmt":"2020-04-25T12:32:32","slug":"not-walking-but-still-moving-forward","status":"publish","type":"post","link":"https:\/\/caminhododao.org\/pt\/2020\/not-walking-but-still-moving-forward\/","title":{"rendered":"N\u00e3o caminhando, mais ainda avan\u00e7ando."},"content":{"rendered":"<div id=\"pl-1556\"  class=\"panel-layout\" ><div id=\"pg-1556-0\"  class=\"panel-grid panel-no-style\" ><div id=\"pgc-1556-0-0\"  class=\"panel-grid-cell panel-grid-cell-empty panel-grid-cell-mobile-last\" ><\/div><div id=\"pgc-1556-0-1\"  class=\"panel-grid-cell panel-grid-cell-empty\" ><\/div><\/div><div id=\"pg-1556-1\"  class=\"panel-grid panel-no-style\" ><div id=\"pgc-1556-1-0\"  class=\"panel-grid-cell\" ><div id=\"panel-1556-1-0-0\" class=\"so-panel widget widget_sow-image panel-first-child\" data-index=\"0\" ><div\n\t\t\t\n\t\t\tclass=\"so-widget-sow-image so-widget-sow-image-default-8b5b6f678277-1556\"\n\t\t\t\n\t\t>\n\n<div class=\"sow-image-container\">\n\t\t<img decoding=\"async\" src=\"https:\/\/caminhododao.org\/wp-content\/uploads\/2020\/04\/Day103.jpg\" width=\"1500\" height=\"1764\" srcset=\"https:\/\/caminhododao.org\/wp-content\/uploads\/2020\/04\/Day103.jpg 1500w, https:\/\/caminhododao.org\/wp-content\/uploads\/2020\/04\/Day103-255x300.jpg 255w, https:\/\/caminhododao.org\/wp-content\/uploads\/2020\/04\/Day103-871x1024.jpg 871w, https:\/\/caminhododao.org\/wp-content\/uploads\/2020\/04\/Day103-768x903.jpg 768w, https:\/\/caminhododao.org\/wp-content\/uploads\/2020\/04\/Day103-1306x1536.jpg 1306w\" sizes=\"(max-width: 1500px) 100vw, 1500px\" title=\"Spring Flowers along the way\" alt=\"\" loading=\"lazy\" \t\tclass=\"so-widget-image\"\/>\n\t<\/div>\n\n<\/div><\/div><div id=\"panel-1556-1-0-1\" class=\"so-panel widget widget_sow-editor\" data-index=\"1\" ><div\n\t\t\t\n\t\t\tclass=\"so-widget-sow-editor so-widget-sow-editor-base\"\n\t\t\t\n\t\t>\n<div class=\"siteorigin-widget-tinymce textwidget\">\n\t<p>Flores da primavera ao longo do trilho no dia 1 do Caminho do D\u00e3o 2019.<\/p>\n<\/div>\n<\/div><\/div><div id=\"panel-1556-1-0-2\" class=\"so-panel widget widget_sow-image\" data-index=\"2\" ><div\n\t\t\t\n\t\t\tclass=\"so-widget-sow-image so-widget-sow-image-default-8b5b6f678277-1556\"\n\t\t\t\n\t\t>\n\n<div class=\"sow-image-container\">\n\t\t<img decoding=\"async\" src=\"https:\/\/caminhododao.org\/wp-content\/uploads\/2020\/04\/Day105.jpg\" width=\"1500\" height=\"1569\" srcset=\"https:\/\/caminhododao.org\/wp-content\/uploads\/2020\/04\/Day105.jpg 1500w, https:\/\/caminhododao.org\/wp-content\/uploads\/2020\/04\/Day105-287x300.jpg 287w, https:\/\/caminhododao.org\/wp-content\/uploads\/2020\/04\/Day105-979x1024.jpg 979w, https:\/\/caminhododao.org\/wp-content\/uploads\/2020\/04\/Day105-768x803.jpg 768w, https:\/\/caminhododao.org\/wp-content\/uploads\/2020\/04\/Day105-1468x1536.jpg 1468w\" sizes=\"(max-width: 1500px) 100vw, 1500px\" title=\"Spring Flowers along the way\" alt=\"\" loading=\"lazy\" \t\tclass=\"so-widget-image\"\/>\n\t<\/div>\n\n<\/div><\/div><div id=\"panel-1556-1-0-3\" class=\"so-panel widget widget_sow-image\" data-index=\"3\" ><div\n\t\t\t\n\t\t\tclass=\"so-widget-sow-image so-widget-sow-image-default-8b5b6f678277-1556\"\n\t\t\t\n\t\t>\n\n<div class=\"sow-image-container\">\n\t\t<img decoding=\"async\" src=\"https:\/\/caminhododao.org\/wp-content\/uploads\/2020\/04\/Day106.jpg\" width=\"1500\" height=\"1941\" srcset=\"https:\/\/caminhododao.org\/wp-content\/uploads\/2020\/04\/Day106.jpg 1500w, https:\/\/caminhododao.org\/wp-content\/uploads\/2020\/04\/Day106-232x300.jpg 232w, https:\/\/caminhododao.org\/wp-content\/uploads\/2020\/04\/Day106-791x1024.jpg 791w, https:\/\/caminhododao.org\/wp-content\/uploads\/2020\/04\/Day106-768x994.jpg 768w, https:\/\/caminhododao.org\/wp-content\/uploads\/2020\/04\/Day106-1187x1536.jpg 1187w\" sizes=\"(max-width: 1500px) 100vw, 1500px\" title=\"Spring Flowers along the way\" alt=\"\" loading=\"lazy\" \t\tclass=\"so-widget-image\"\/>\n\t<\/div>\n\n<\/div><\/div><div id=\"panel-1556-1-0-4\" class=\"so-panel widget widget_sow-image panel-last-child\" data-index=\"4\" ><div\n\t\t\t\n\t\t\tclass=\"so-widget-sow-image so-widget-sow-image-default-8b5b6f678277-1556\"\n\t\t\t\n\t\t>\n\n<div class=\"sow-image-container\">\n\t\t<img decoding=\"async\" src=\"https:\/\/caminhododao.org\/wp-content\/uploads\/2020\/04\/Day102.jpg\" width=\"1500\" height=\"2106\" srcset=\"https:\/\/caminhododao.org\/wp-content\/uploads\/2020\/04\/Day102.jpg 1500w, https:\/\/caminhododao.org\/wp-content\/uploads\/2020\/04\/Day102-214x300.jpg 214w, https:\/\/caminhododao.org\/wp-content\/uploads\/2020\/04\/Day102-729x1024.jpg 729w, https:\/\/caminhododao.org\/wp-content\/uploads\/2020\/04\/Day102-768x1078.jpg 768w, https:\/\/caminhododao.org\/wp-content\/uploads\/2020\/04\/Day102-1094x1536.jpg 1094w, https:\/\/caminhododao.org\/wp-content\/uploads\/2020\/04\/Day102-1459x2048.jpg 1459w\" sizes=\"(max-width: 1500px) 100vw, 1500px\" title=\"Spring Flowers along the way\" alt=\"\" loading=\"lazy\" \t\tclass=\"so-widget-image\"\/>\n\t<\/div>\n\n<\/div><\/div><\/div><div id=\"pgc-1556-1-1\"  class=\"panel-grid-cell\" ><div id=\"panel-1556-1-1-0\" class=\"so-panel widget widget_sow-editor panel-first-child panel-last-child\" data-index=\"5\" ><div\n\t\t\t\n\t\t\tclass=\"so-widget-sow-editor so-widget-sow-editor-base\"\n\t\t\t\n\t\t>\n<div class=\"siteorigin-widget-tinymce textwidget\">\n\t<p>Se as coisas tivessem sido como planejadas.... Oh, qu\u00e3o ing\u00eanuo isso soa agora em meio <em>da grande adapta\u00e7\u00e3o<\/em> que estamos experimentando. No entanto, vale a pena tomar um momento para reconhecer que a semana de caminhada no Caminho do D\u00e3o (CdD) teria come\u00e7ado <u>neste<\/u> domingo dia 26 de Abril. Antes da caminhada, eu estava realmente empolgado porque um bom grupo de portugueses, holandeses, americanos e franceses estava se formando. Os esfor\u00e7os de divulga\u00e7\u00e3o e networking valeram a pena e o resultado foi bom para a primeira edi\u00e7\u00e3o deste programa de caminhada. Portanto, o programa est\u00e1 em espera, mas sinto-me confiante de que \"voltaremos a caminhar\" depois que aprendermos a conviver com a pandemia ou a avan\u00e7armos nela. 'Fica para pr\u00f3xima', como dizem os portugueses.<\/p>\n<p>Suspender a caminhada do grupo me deu tempo para trabalhar em outra parte importante do projeto, que \u00e9 fazer do CdD um benef\u00edcio para a regi\u00e3o. Estou avan\u00e7ando no plano de trazer um elemento de restaura\u00e7\u00e3o da natureza para o CdD e de caminhar com grupos de jovens adultos da regi\u00e3o do D\u00e3o.<\/p>\n<p>A ideia por tr\u00e1s do elemento de restaura\u00e7\u00e3o da natureza \u00e9 que, como produto tur\u00edstico, o CdD n\u00e3o quer apenas se beneficiar das qualidades naturais do vale do D\u00e3o, mas tamb\u00e9m quer devolv\u00ea-las. No <a href=\"http:\/\/caminhododao.org\/index.php\/developing-the-vision-behind-the-project-march-2020\/\">comunicado de imprensa<\/a> de mar\u00e7o, pode ler mais sobre essa ideia. Para este plano de restaura\u00e7\u00e3o, o CdD est\u00e1 em parceria com v\u00e1rias organiza\u00e7\u00f5es e institui\u00e7\u00f5es, incluindo um grupo de estudantes da Escola Superior Agr\u00e1ria de Viseu que contribuir\u00e3o para a pesquisa e promo\u00e7\u00e3o do projeto.<\/p>\n<p>Tamb\u00e9m estou conversando com v\u00e1rias organiza\u00e7\u00f5es sobre semanas anuais de caminhadas para jovens adultos da regi\u00e3o do D\u00e3o. \u00c9 minha convic\u00e7\u00e3o que a experi\u00eancia de uma peregrina\u00e7\u00e3o em sua pr\u00f3pria regi\u00e3o pode fortalecer a conex\u00e3o com a regi\u00e3o e gerar um sentimento de orgulho. Enquanto caminha, entra em comunh\u00e3o com a natureza e a paisagem, com as pessoas e com a cultura regional. Uma peregrina\u00e7\u00e3o tamb\u00e9m tem o potencial de gerar um sentimento de empoderamento pessoal e independ\u00eancia no mundo, o que \u00e9 uma experi\u00eancia formativa positiva.<\/p>\n<p>Como pode ver, podemos n\u00e3o estar caminhando ainda, mas o Caminho do D\u00e3o est\u00e1 definitivamente avan\u00e7ando e eu vou mant\u00ea-lo informado.<\/p>\n<p>Desejando a todos boa sa\u00fade, esp\u00edrito e alegria na primavera.<br \/>\nSauda\u00e7\u00f5es do vale do D\u00e3o!<\/p>\n<p>Freya van Dien<\/p>\n<p>&nbsp;<\/p>\n<\/div>\n<\/div><\/div><\/div><\/div><\/div>","protected":false},"excerpt":{"rendered":"<p>Spring bloom along the trail of day 1 on the Caminho do D\u00e3o 2019. If things would have gone as planned&#8230;.. Ooh, how na\u00efve that&hellip;<\/p>","protected":false},"author":2,"featured_media":1564,"comment_status":"open","ping_status":"open","sticky":false,"template":"","format":"standard","meta":{"_monsterinsights_skip_tracking":false,"_monsterinsights_sitenote_active":false,"_monsterinsights_sitenote_note":"","_monsterinsights_sitenote_category":0,"footnotes":""},"categories":[30,18,26,31,15,27,28,24,29],"tags":[],"_links":{"self":[{"href":"https:\/\/caminhododao.org\/pt\/wp-json\/wp\/v2\/posts\/1556"}],"collection":[{"href":"https:\/\/caminhododao.org\/pt\/wp-json\/wp\/v2\/posts"}],"about":[{"href":"https:\/\/caminhododao.org\/pt\/wp-json\/wp\/v2\/types\/post"}],"author":[{"embeddable":true,"href":"https:\/\/caminhododao.org\/pt\/wp-json\/wp\/v2\/users\/2"}],"replies":[{"embeddable":true,"href":"https:\/\/caminhododao.org\/pt\/wp-json\/wp\/v2\/comments?post=1556"}],"version-history":[{"count":15,"href":"https:\/\/caminhododao.org\/pt\/wp-json\/wp\/v2\/posts\/1556\/revisions"}],"predecessor-version":[{"id":1575,"href":"https:\/\/caminhododao.org\/pt\/wp-json\/wp\/v2\/posts\/1556\/revisions\/1575"}],"wp:featuredmedia":[{"embeddable":true,"href":"https:\/\/caminhododao.org\/pt\/wp-json\/wp\/v2\/media\/1564"}],"wp:attachment":[{"href":"https:\/\/caminhododao.org\/pt\/wp-json\/wp\/v2\/media?parent=1556"}],"wp:term":[{"taxonomy":"category","embeddable":true,"href":"https:\/\/caminhododao.org\/pt\/wp-json\/wp\/v2\/categories?post=1556"},{"taxonomy":"post_tag","embeddable":true,"href":"https:\/\/caminhododao.org\/pt\/wp-json\/wp\/v2\/tags?post=1556"}],"curies":[{"name":"wp","href":"https:\/\/api.w.org\/{rel}","templated":true}]}}