{"id":1686,"date":"2021-04-24T10:59:47","date_gmt":"2021-04-24T10:59:47","guid":{"rendered":"http:\/\/caminhododao.org\/?p=1686"},"modified":"2021-07-01T16:07:46","modified_gmt":"2021-07-01T16:07:46","slug":"press-release-caminho-do-dao-spring-2021","status":"publish","type":"post","link":"https:\/\/caminhododao.org\/pt\/2021\/press-release-caminho-do-dao-spring-2021\/","title":{"rendered":"Comunicado de Imprensa ~ Caminho do D\u00e3o Primavera 2021"},"content":{"rendered":"<figure class=\"wp-block-image size-large\"><img loading=\"lazy\" decoding=\"async\" width=\"881\" height=\"560\" src=\"http:\/\/caminhododao.org\/wp-content\/uploads\/2021\/04\/DdV27042021.jpg\" alt=\"\" class=\"wp-image-1690\" srcset=\"https:\/\/caminhododao.org\/wp-content\/uploads\/2021\/04\/DdV27042021.jpg 881w, https:\/\/caminhododao.org\/wp-content\/uploads\/2021\/04\/DdV27042021-300x191.jpg 300w, https:\/\/caminhododao.org\/wp-content\/uploads\/2021\/04\/DdV27042021-768x488.jpg 768w, https:\/\/caminhododao.org\/wp-content\/uploads\/2021\/04\/DdV27042021-16x10.jpg 16w\" sizes=\"(max-width: 881px) 100vw, 881px\" \/><figcaption>Diario de Viseu April 26 2021<\/figcaption><\/figure>\n\n\n<p>Novo atividade eco-tur\u00edstica no vale do D\u00e3o: O Caminho do D\u00e3o ~ uma peregrina\u00e7\u00e3o da natureza da fonte at\u00e9 \u00e0 foz do rio D\u00e3o.<\/p>\n<p>Esta primavera, entre dia 1 e dia 7 e maio, o primeiro grupo vai pisar no Caminho do D\u00e3o e percorrer o comprimento de 120km do vale do D\u00e3o. Em 2019 foi feito a expedi\u00e7\u00e3o para definir o melhor percurso e a primeira edi\u00e7\u00e3o deveria acontecer em 2020 mas teve que ser cancelado. Agora em 2021 o trabalho de amor da guia e realizador desta atividade tur\u00edstica, Freya van Dien finalmente se concretizar\u00e1. Desde se tornou gerente e residente de Moinho do D\u00e3o - Eco Quinta em 2013 tinha um desejo de caminhar e conhecer todo o rio. Viu tamb\u00e9m o potencial para desenvolver uma atividade no vale do D\u00e3o com uma dupla finalidade: valorizar o patrim\u00f3nio natural e cultural e ao mesmo tempo sensibilizar para o atual grau de degrada\u00e7\u00e3o deste patrim\u00f3nio.<\/p>\n<p>No percurso do Caminho do D\u00e3o a paisagem contar uma hist\u00f3ria sobre o s\u00e9culo XXI e as maneiras como a \u00e9 moldada pela atual realidade social, econ\u00f3mica e clim\u00e1tica. Conta uma hist\u00f3ria sobre como a natureza prospera, sobrevive e luta e sobre as muitas maneiras diferentes de as pessoas interagirem com a terra e usam o solo. Como disse um colega guia sobre o percurso: Eu acho que \u00e9 uma experi\u00eancia interessante de romance e realidade<\/p>\n<p>O projeto \u00e9 a soma de: a consci\u00eancia de situa\u00e7\u00e3o social e ambiental no vale, as ricas camadas de significados e simbolismos de um rio que tem o nome D\u00e3o e uma cren\u00e7a no empoderamento atrav\u00e9s o ato de caminhar. A vivencia que o Caminho do D\u00e3o pretende proporcionar \u00e9 a duma peregrina\u00e7\u00e3o que pode gerar um sentimento de liga\u00e7\u00e3o com o mundo, connosco mesmos e de paz e regenera\u00e7\u00e3o, apenas caminhando. D\u00e3o \u00e9 uma forma conjugada do verbo dar: eles d\u00e3o. Adicionalmente 'O D\u00e3o' \u00e9 o mesmo que 'O Tao', que literalmente significa 'o caminho', sendo uma filosofia oriental baseada na ideia de interconectividade da vida. Por \u00faltimo, mas n\u00e3o menos importante, um rio \u00e9 historicamente considerado um s\u00edmbolo de vida.<\/p>\n<p>Para al\u00e9m de ser uma vivencia interessante para os visitantes, O Caminho do D\u00e3o tamb\u00e9m pretende ser de valor para as comunidades locais. Um dos objetivos do trilho \u00e9 dar for\u00e7a a um sentimento de liga\u00e7\u00e3o entre a comunidade local e o vale, e dessa maneira, contribuir para o bem-estar geral (orgulho e sentimento de perten\u00e7a) das pessoas que habitam no vale. Se o trilho \u00e9 valorizado tanto pelos visitantes como pelos habitantes, pode ajudar a aumentar os esfor\u00e7os regionais para valorizar e salvaguardar as qualidades naturais e culturais do vale, que \u00e9 um dos objetivos principais deste projeto no vale do D\u00e3o.<\/p>\n<p>O trilho pode inicialmente ser experimentado como um programa de caminhada em grupo e, no futuro, ser\u00e1 tamb\u00e9m oferecido em pacote, incluindo mapas com a rota e\/ou em coordenadas GPS, pernoitas e refei\u00e7\u00f5es.<\/p>\n<p>Para mais informa\u00e7\u00e3o sobre o Caminho do D\u00e3o visite www.caminhododao.org<\/p>","protected":false},"excerpt":{"rendered":"<p>New eco-tourism activity in the D\u00e3o valley: The Caminho do D\u00e3o ~ a nature pilgrimage from the source to the mouth of the D\u00e3o river.&hellip;<\/p>","protected":false},"author":2,"featured_media":1690,"comment_status":"closed","ping_status":"open","sticky":false,"template":"","format":"standard","meta":{"_monsterinsights_skip_tracking":false,"_monsterinsights_sitenote_active":false,"_monsterinsights_sitenote_note":"","_monsterinsights_sitenote_category":0,"footnotes":""},"categories":[1],"tags":[],"_links":{"self":[{"href":"https:\/\/caminhododao.org\/pt\/wp-json\/wp\/v2\/posts\/1686"}],"collection":[{"href":"https:\/\/caminhododao.org\/pt\/wp-json\/wp\/v2\/posts"}],"about":[{"href":"https:\/\/caminhododao.org\/pt\/wp-json\/wp\/v2\/types\/post"}],"author":[{"embeddable":true,"href":"https:\/\/caminhododao.org\/pt\/wp-json\/wp\/v2\/users\/2"}],"replies":[{"embeddable":true,"href":"https:\/\/caminhododao.org\/pt\/wp-json\/wp\/v2\/comments?post=1686"}],"version-history":[{"count":4,"href":"https:\/\/caminhododao.org\/pt\/wp-json\/wp\/v2\/posts\/1686\/revisions"}],"predecessor-version":[{"id":1887,"href":"https:\/\/caminhododao.org\/pt\/wp-json\/wp\/v2\/posts\/1686\/revisions\/1887"}],"wp:featuredmedia":[{"embeddable":true,"href":"https:\/\/caminhododao.org\/pt\/wp-json\/wp\/v2\/media\/1690"}],"wp:attachment":[{"href":"https:\/\/caminhododao.org\/pt\/wp-json\/wp\/v2\/media?parent=1686"}],"wp:term":[{"taxonomy":"category","embeddable":true,"href":"https:\/\/caminhododao.org\/pt\/wp-json\/wp\/v2\/categories?post=1686"},{"taxonomy":"post_tag","embeddable":true,"href":"https:\/\/caminhododao.org\/pt\/wp-json\/wp\/v2\/tags?post=1686"}],"curies":[{"name":"wp","href":"https:\/\/api.w.org\/{rel}","templated":true}]}}