{"id":1700,"date":"2021-05-21T19:41:12","date_gmt":"2021-05-21T19:41:12","guid":{"rendered":"http:\/\/caminhododao.org\/?p=1700"},"modified":"2021-07-02T20:24:12","modified_gmt":"2021-07-02T20:24:12","slug":"caminho-do-dao-spring-2021-how-was-it","status":"publish","type":"post","link":"https:\/\/caminhododao.org\/pt\/2021\/caminho-do-dao-spring-2021-how-was-it\/","title":{"rendered":"Caminho do D\u00e3o Primavera 2021 ~ Reconectando com o vale."},"content":{"rendered":"<div id=\"pl-gb1700-69f3a90de8ffa\"  class=\"panel-layout\" ><div id=\"pg-gb1700-69f3a90de8ffa-0\"  class=\"panel-grid panel-no-style\" ><div id=\"pgc-gb1700-69f3a90de8ffa-0-0\"  class=\"panel-grid-cell\" ><div id=\"panel-gb1700-69f3a90de8ffa-0-0-0\" class=\"so-panel widget widget_sow-editor panel-first-child panel-last-child\" data-index=\"0\" ><div\n\t\t\t\n\t\t\tclass=\"so-widget-sow-editor so-widget-sow-editor-base\"\n\t\t\t\n\t\t>\n<div class=\"siteorigin-widget-tinymce textwidget\">\n\t<p>Finalmente, 2 anos ap\u00f3s a caminhada explorat\u00f3ria, o primeiro grupo p\u00f4s os p\u00e9s no Caminho do D\u00e3o e percorreu a trilha de 122km pelo vale do D\u00e3o. Foi uma semana gloriosa em uma paisagem exuberante \u2018cheia de primavera\u2019 e fomos aben\u00e7oados com um clima perfeito. \u00c9 dif\u00edcil saber por onde come\u00e7ar para descrever a experi\u00eancia ...<\/p>\n<p>&nbsp;<\/p>\n<\/div>\n<\/div><\/div><\/div><\/div><div id=\"pg-gb1700-69f3a90de8ffa-1\"  class=\"panel-grid panel-no-style\" ><div id=\"pgc-gb1700-69f3a90de8ffa-1-0\"  class=\"panel-grid-cell\" ><div id=\"panel-gb1700-69f3a90de8ffa-1-0-0\" class=\"so-panel widget widget_sow-image panel-first-child panel-last-child\" data-index=\"1\" ><div\n\t\t\t\n\t\t\tclass=\"so-widget-sow-image so-widget-sow-image-default-8b5b6f678277-1700\"\n\t\t\t\n\t\t>\n\n<div class=\"sow-image-container\">\n\t\t<img decoding=\"async\" src=\"https:\/\/caminhododao.org\/wp-content\/uploads\/2021\/05\/186219664_10164979589735391_940583192086357247_n.jpeg\" width=\"600\" height=\"600\" srcset=\"https:\/\/caminhododao.org\/wp-content\/uploads\/2021\/05\/186219664_10164979589735391_940583192086357247_n.jpeg 600w, https:\/\/caminhododao.org\/wp-content\/uploads\/2021\/05\/186219664_10164979589735391_940583192086357247_n-300x300.jpeg 300w, https:\/\/caminhododao.org\/wp-content\/uploads\/2021\/05\/186219664_10164979589735391_940583192086357247_n-150x150.jpeg 150w, https:\/\/caminhododao.org\/wp-content\/uploads\/2021\/05\/186219664_10164979589735391_940583192086357247_n-12x12.jpeg 12w, https:\/\/caminhododao.org\/wp-content\/uploads\/2021\/05\/186219664_10164979589735391_940583192086357247_n-125x125.jpeg 125w\" sizes=\"(max-width: 600px) 100vw, 600px\" alt=\"\" loading=\"lazy\" \t\tclass=\"so-widget-image\"\/>\n\t<\/div>\n\n<\/div><\/div><\/div><div id=\"pgc-gb1700-69f3a90de8ffa-1-1\"  class=\"panel-grid-cell\" ><div id=\"panel-gb1700-69f3a90de8ffa-1-1-0\" class=\"so-panel widget widget_sow-image panel-first-child panel-last-child\" data-index=\"2\" ><div\n\t\t\t\n\t\t\tclass=\"so-widget-sow-image so-widget-sow-image-default-8b5b6f678277-1700\"\n\t\t\t\n\t\t>\n\n<div class=\"sow-image-container\">\n\t\t<img decoding=\"async\" src=\"https:\/\/caminhododao.org\/wp-content\/uploads\/2021\/05\/DZWEE8083-e1636061194667.jpg\" width=\"800\" height=\"800\" sizes=\"(max-width: 800px) 100vw, 800px\" alt=\"\" loading=\"lazy\" \t\tclass=\"so-widget-image\"\/>\n\t<\/div>\n\n<\/div><\/div><\/div><div id=\"pgc-gb1700-69f3a90de8ffa-1-2\"  class=\"panel-grid-cell\" ><div id=\"panel-gb1700-69f3a90de8ffa-1-2-0\" class=\"so-panel widget widget_sow-image panel-first-child panel-last-child\" data-index=\"3\" ><div\n\t\t\t\n\t\t\tclass=\"so-widget-sow-image so-widget-sow-image-default-8b5b6f678277-1700\"\n\t\t\t\n\t\t>\n\n<div class=\"sow-image-container\">\n\t\t<img decoding=\"async\" src=\"https:\/\/caminhododao.org\/wp-content\/uploads\/2021\/05\/IMG_E9817-e1621627984601.jpg\" width=\"600\" height=\"600\" sizes=\"(max-width: 600px) 100vw, 600px\" title=\"IMG_E9817\" alt=\"\" loading=\"lazy\" \t\tclass=\"so-widget-image\"\/>\n\t<\/div>\n\n<\/div><\/div><\/div><\/div><div id=\"pg-gb1700-69f3a90de8ffa-2\"  class=\"panel-grid panel-no-style\" ><div id=\"pgc-gb1700-69f3a90de8ffa-2-0\"  class=\"panel-grid-cell\" ><div id=\"panel-gb1700-69f3a90de8ffa-2-0-0\" class=\"so-panel widget widget_sow-editor panel-first-child panel-last-child\" data-index=\"4\" ><div\n\t\t\t\n\t\t\tclass=\"so-widget-sow-editor so-widget-sow-editor-base\"\n\t\t\t\n\t\t>\n<div class=\"siteorigin-widget-tinymce textwidget\">\n\t<p>Vamos come\u00e7ar com o grupo incr\u00edvel. Uma boa mistura de pessoas da regi\u00e3o, estrangeiros e portugueses, o que permitiu uma interessante combina\u00e7\u00e3o de perspetivas sobre a experi\u00eancia. Em 3 dos 6 dias de caminhada ao grupo juntaram-se amigos e colegas locais, acrescentando mais camadas \u00e0 hist\u00f3ria de como as pessoas se relacionam com a regi\u00e3o do D\u00e3o.<\/p>\n<p>O tema \u2018relacionar-se com\u2019 \u00e9 para mim pessoalmente t\u00e3o importante e foi atrav\u00e9s do acto de caminhar no vale do D\u00e3o que senti a minha rela\u00e7\u00e3o com a regi\u00e3o crescer a cada passo. O sentimento de perten\u00e7a tornou-se mais forte e sinto que caminhar facilita a liga\u00e7\u00e3o com a terra quer seja a sua terra natal ou seja um imigrante como eu. Compartilhar essa experi\u00eancia com pessoas da regi\u00e3o torna a sensa\u00e7\u00e3o de conex\u00e3o ainda mais forte.<\/p>\n<\/div>\n<\/div><\/div><\/div><\/div><div id=\"pg-gb1700-69f3a90de8ffa-3\"  class=\"panel-grid panel-no-style\" ><div id=\"pgc-gb1700-69f3a90de8ffa-3-0\"  class=\"panel-grid-cell\" ><div id=\"panel-gb1700-69f3a90de8ffa-3-0-0\" class=\"so-panel widget widget_sow-image panel-first-child panel-last-child\" data-index=\"5\" ><div\n\t\t\t\n\t\t\tclass=\"so-widget-sow-image so-widget-sow-image-default-8b5b6f678277-1700\"\n\t\t\t\n\t\t>\n\n<div class=\"sow-image-container\">\n\t\t<img decoding=\"async\" src=\"https:\/\/caminhododao.org\/wp-content\/uploads\/2021\/05\/5F1F7527-8F10-46D6-8EF5-0A3A7C49EFC0-1-e1636061171342.jpg\" width=\"800\" height=\"800\" sizes=\"(max-width: 800px) 100vw, 800px\" alt=\"\" loading=\"lazy\" \t\tclass=\"so-widget-image\"\/>\n\t<\/div>\n\n<\/div><\/div><\/div><div id=\"pgc-gb1700-69f3a90de8ffa-3-1\"  class=\"panel-grid-cell\" ><div id=\"panel-gb1700-69f3a90de8ffa-3-1-0\" class=\"so-panel widget widget_sow-image panel-first-child panel-last-child\" data-index=\"6\" ><div\n\t\t\t\n\t\t\tclass=\"so-widget-sow-image so-widget-sow-image-default-8b5b6f678277-1700\"\n\t\t\t\n\t\t>\n\n<div class=\"sow-image-container\">\n\t\t<img decoding=\"async\" src=\"https:\/\/caminhododao.org\/wp-content\/uploads\/2021\/05\/834AE1D9-8083-4B76-AE3A-E8B327266A93-e1621617245400.jpg\" width=\"800\" height=\"800\" sizes=\"(max-width: 800px) 100vw, 800px\" alt=\"\" loading=\"lazy\" \t\tclass=\"so-widget-image\"\/>\n\t<\/div>\n\n<\/div><\/div><\/div><div id=\"pgc-gb1700-69f3a90de8ffa-3-2\"  class=\"panel-grid-cell\" ><div id=\"panel-gb1700-69f3a90de8ffa-3-2-0\" class=\"so-panel widget widget_sow-image panel-first-child panel-last-child\" data-index=\"7\" ><div\n\t\t\t\n\t\t\tclass=\"so-widget-sow-image so-widget-sow-image-default-8b5b6f678277-1700\"\n\t\t\t\n\t\t>\n\n<div class=\"sow-image-container\">\n\t\t<img decoding=\"async\" src=\"https:\/\/caminhododao.org\/wp-content\/uploads\/2021\/05\/IMG_E0106-e1621629868998.jpg\" width=\"600\" height=\"600\" sizes=\"(max-width: 600px) 100vw, 600px\" title=\"IMG_E0106\" alt=\"\" loading=\"lazy\" \t\tclass=\"so-widget-image\"\/>\n\t<\/div>\n\n<\/div><\/div><\/div><\/div><div id=\"pg-gb1700-69f3a90de8ffa-4\"  class=\"panel-grid panel-no-style\" ><div id=\"pgc-gb1700-69f3a90de8ffa-4-0\"  class=\"panel-grid-cell\" ><div id=\"panel-gb1700-69f3a90de8ffa-4-0-0\" class=\"so-panel widget widget_sow-editor panel-first-child panel-last-child\" data-index=\"8\" ><div\n\t\t\t\n\t\t\tclass=\"so-widget-sow-editor so-widget-sow-editor-base\"\n\t\t\t\n\t\t>\n<div class=\"siteorigin-widget-tinymce textwidget\">\n\t<p>Quando fecho meus olhos e me imagino de volta ao Caminho, vejo um lindo panorama verde de paisagens, vistas e lugares naturais se desdobrando. Como caminhante, me senti completamente imerso na experi\u00eancia sensorial. Essa sensa\u00e7\u00e3o de estar incorporado e interagir com o corpo da terra, por assim dizer, \u00e9 a imers\u00e3o na natureza no seu melhor.<\/p>\n<p>O vale do D\u00e3o \u00e9 uma longa extens\u00e3o de verde, um corredor ecol\u00f3gico, com esparsa presen\u00e7a e atividade humana. Quase sempre \u00e9ramos apenas n\u00f3s, o rio e a terra. Era muito relaxante ser lembrado daquela qualidade do vale. Ver novamente, depois de 2 anos, as \u2018grandes \u00e1reas selvagens\u2019 neste corredor verde me deram um sentimento de incentivo e apoio. Como se me dissessem: n\u00f3s estamos aqui, vivemos, confinemos em n\u00f3s e n\u00f3s confinaremos em v\u00f3s. Um apelo \u00e0 protec\u00e7\u00e3o destas \u00e1reas do vale do D\u00e3o.<\/p>\n<\/div>\n<\/div><\/div><\/div><\/div><div id=\"pg-gb1700-69f3a90de8ffa-5\"  class=\"panel-grid panel-no-style\" ><div id=\"pgc-gb1700-69f3a90de8ffa-5-0\"  class=\"panel-grid-cell\" ><div id=\"panel-gb1700-69f3a90de8ffa-5-0-0\" class=\"so-panel widget widget_sow-image panel-first-child panel-last-child\" data-index=\"9\" ><div\n\t\t\t\n\t\t\tclass=\"so-widget-sow-image so-widget-sow-image-default-8b5b6f678277-1700\"\n\t\t\t\n\t\t>\n\n<div class=\"sow-image-container\">\n\t\t<img decoding=\"async\" src=\"https:\/\/caminhododao.org\/wp-content\/uploads\/2021\/05\/E30F318C-270E-49E4-A73D-1215B1932B9B-e1621627199922.jpg\" width=\"600\" height=\"600\" sizes=\"(max-width: 600px) 100vw, 600px\" alt=\"\" loading=\"lazy\" \t\tclass=\"so-widget-image\"\/>\n\t<\/div>\n\n<\/div><\/div><\/div><div id=\"pgc-gb1700-69f3a90de8ffa-5-1\"  class=\"panel-grid-cell\" ><div id=\"panel-gb1700-69f3a90de8ffa-5-1-0\" class=\"so-panel widget widget_sow-image panel-first-child panel-last-child\" data-index=\"10\" ><div\n\t\t\t\n\t\t\tclass=\"so-widget-sow-image so-widget-sow-image-default-8b5b6f678277-1700\"\n\t\t\t\n\t\t>\n\n<div class=\"sow-image-container\">\n\t\t<img decoding=\"async\" src=\"https:\/\/caminhododao.org\/wp-content\/uploads\/2021\/05\/184816099_10164979589745391_1788257689062380459_n.jpeg\" width=\"600\" height=\"600\" srcset=\"https:\/\/caminhododao.org\/wp-content\/uploads\/2021\/05\/184816099_10164979589745391_1788257689062380459_n.jpeg 600w, https:\/\/caminhododao.org\/wp-content\/uploads\/2021\/05\/184816099_10164979589745391_1788257689062380459_n-300x300.jpeg 300w, https:\/\/caminhododao.org\/wp-content\/uploads\/2021\/05\/184816099_10164979589745391_1788257689062380459_n-150x150.jpeg 150w, https:\/\/caminhododao.org\/wp-content\/uploads\/2021\/05\/184816099_10164979589745391_1788257689062380459_n-12x12.jpeg 12w, https:\/\/caminhododao.org\/wp-content\/uploads\/2021\/05\/184816099_10164979589745391_1788257689062380459_n-125x125.jpeg 125w\" sizes=\"(max-width: 600px) 100vw, 600px\" alt=\"\" loading=\"lazy\" \t\tclass=\"so-widget-image\"\/>\n\t<\/div>\n\n<\/div><\/div><\/div><div id=\"pgc-gb1700-69f3a90de8ffa-5-2\"  class=\"panel-grid-cell\" ><div id=\"panel-gb1700-69f3a90de8ffa-5-2-0\" class=\"so-panel widget widget_sow-image panel-first-child panel-last-child\" data-index=\"11\" ><div\n\t\t\t\n\t\t\tclass=\"so-widget-sow-image so-widget-sow-image-default-8b5b6f678277-1700\"\n\t\t\t\n\t\t>\n\n<div class=\"sow-image-container\">\n\t\t<img decoding=\"async\" src=\"https:\/\/caminhododao.org\/wp-content\/uploads\/2021\/05\/185232880_10164992493200391_442880161036934858_n.jpeg\" width=\"600\" height=\"600\" srcset=\"https:\/\/caminhododao.org\/wp-content\/uploads\/2021\/05\/185232880_10164992493200391_442880161036934858_n.jpeg 600w, https:\/\/caminhododao.org\/wp-content\/uploads\/2021\/05\/185232880_10164992493200391_442880161036934858_n-300x300.jpeg 300w, https:\/\/caminhododao.org\/wp-content\/uploads\/2021\/05\/185232880_10164992493200391_442880161036934858_n-150x150.jpeg 150w, https:\/\/caminhododao.org\/wp-content\/uploads\/2021\/05\/185232880_10164992493200391_442880161036934858_n-12x12.jpeg 12w, https:\/\/caminhododao.org\/wp-content\/uploads\/2021\/05\/185232880_10164992493200391_442880161036934858_n-125x125.jpeg 125w\" sizes=\"(max-width: 600px) 100vw, 600px\" alt=\"\" loading=\"lazy\" \t\tclass=\"so-widget-image\"\/>\n\t<\/div>\n\n<\/div><\/div><\/div><\/div><div id=\"pg-gb1700-69f3a90de8ffa-6\"  class=\"panel-grid panel-no-style\" ><div id=\"pgc-gb1700-69f3a90de8ffa-6-0\"  class=\"panel-grid-cell\" ><div id=\"panel-gb1700-69f3a90de8ffa-6-0-0\" class=\"so-panel widget widget_sow-editor panel-first-child panel-last-child\" data-index=\"12\" ><div\n\t\t\t\n\t\t\tclass=\"so-widget-sow-editor so-widget-sow-editor-base\"\n\t\t\t\n\t\t>\n<div class=\"siteorigin-widget-tinymce textwidget\">\n\t<p>De dar \u00e1gua na boca, \u00e9 o que acontece quando eu quero come\u00e7ar a descrever como a comida se tornou um elemento importante da nossa semana de caminhada. Com a maioria dos vegetarianos no grupo, entrei em contato com alguns de nossos hospedeiros para ter certeza de que eles eram capazes de oferecer bons jantares vegetarianos (ricos em prote\u00ednas) e lanches para piquenique. Bem, acontece que eles eram mais do que capazes! \u00c0s vezes era dif\u00edcil n\u00e3o parar cedo para almo\u00e7ar porque est\u00e1vamos pensando nos deliciosos quiches ou bolos que carreg\u00e1vamos nas costas!<\/p>\n<p>Foi muito bom ver como esses cozinheiros, acostumados a fazer refei\u00e7\u00f5es que incluem quase sempre carne ou peixe, transformam seu paladar e criatividade em comida vegetariana de alta qualidade. Na Quinta d\u2019Arminho e nos Moinhos do D\u00e3o a prepara\u00e7\u00e3o da comida esteve nas m\u00e3os experientes de Raquel, Hugo e Nuno, que fizeram amizade instant\u00e2nea com a sua bela comida. A surpresa gastron\u00f4mica e a qualidade dos lugares que passamos nossas noites adicionaram uma sensa\u00e7\u00e3o de conforto e \u00e0s vezes at\u00e9 luxo ao Caminho. Nenhum de n\u00f3s estava necessariamente procurando por isso, o que nos tornava cada vez mais gratos por isso.<\/p>\n<\/div>\n<\/div><\/div><\/div><\/div><div id=\"pg-gb1700-69f3a90de8ffa-7\"  class=\"panel-grid panel-no-style\" ><div id=\"pgc-gb1700-69f3a90de8ffa-7-0\"  class=\"panel-grid-cell\" ><div id=\"panel-gb1700-69f3a90de8ffa-7-0-0\" class=\"so-panel widget widget_sow-editor panel-first-child panel-last-child\" data-index=\"13\" ><div\n\t\t\t\n\t\t\tclass=\"so-widget-sow-editor so-widget-sow-editor-base\"\n\t\t\t\n\t\t>\n<div class=\"siteorigin-widget-tinymce textwidget\">\n\t<p>Agora, depois de o primeiro grupo ter tido uma bela semana, est\u00e1 refor\u00e7ado: Vale a pena o Caminho do D\u00e3o! Estou pronto para o pr\u00f3ximo outono e para explorar as possibilidades de oferecer caminhadas de meio dia e dia inteiro no vale.<br \/>\nFique atento!<\/p>\n<p>Com gratid\u00e3o,<br \/>\nFreya<\/p>\n<\/div>\n<\/div><\/div><\/div><div id=\"pgc-gb1700-69f3a90de8ffa-7-1\"  class=\"panel-grid-cell\" ><div id=\"panel-gb1700-69f3a90de8ffa-7-1-0\" class=\"so-panel widget widget_sow-image panel-first-child panel-last-child\" data-index=\"14\" ><div\n\t\t\t\n\t\t\tclass=\"so-widget-sow-image so-widget-sow-image-default-8b5b6f678277-1700\"\n\t\t\t\n\t\t>\n\n<div class=\"sow-image-container\">\n\t\t<img decoding=\"async\" src=\"https:\/\/caminhododao.org\/wp-content\/uploads\/2021\/05\/185053568_10165000752125391_1826653833424393236_n-e1622325387948.jpeg\" width=\"200\" height=\"200\" sizes=\"(max-width: 200px) 100vw, 200px\" title=\"185053568_10165000752125391_1826653833424393236_n\" alt=\"\" loading=\"lazy\" \t\tclass=\"so-widget-image\"\/>\n\t<\/div>\n\n<\/div><\/div><\/div><\/div><\/div>\n\n\n<p><\/p>","protected":false},"excerpt":{"rendered":"<p>Finally, 2 years after the exploration hike, the first group set foot on the Caminho do D\u00e3o and traversed the 122km trail through the D\u00e3o&hellip;<\/p>","protected":false},"author":2,"featured_media":1728,"comment_status":"closed","ping_status":"open","sticky":false,"template":"","format":"standard","meta":{"_monsterinsights_skip_tracking":false,"_monsterinsights_sitenote_active":false,"_monsterinsights_sitenote_note":"","_monsterinsights_sitenote_category":0,"footnotes":""},"categories":[30,11,26,15,24],"tags":[],"_links":{"self":[{"href":"https:\/\/caminhododao.org\/pt\/wp-json\/wp\/v2\/posts\/1700"}],"collection":[{"href":"https:\/\/caminhododao.org\/pt\/wp-json\/wp\/v2\/posts"}],"about":[{"href":"https:\/\/caminhododao.org\/pt\/wp-json\/wp\/v2\/types\/post"}],"author":[{"embeddable":true,"href":"https:\/\/caminhododao.org\/pt\/wp-json\/wp\/v2\/users\/2"}],"replies":[{"embeddable":true,"href":"https:\/\/caminhododao.org\/pt\/wp-json\/wp\/v2\/comments?post=1700"}],"version-history":[{"count":16,"href":"https:\/\/caminhododao.org\/pt\/wp-json\/wp\/v2\/posts\/1700\/revisions"}],"predecessor-version":[{"id":1904,"href":"https:\/\/caminhododao.org\/pt\/wp-json\/wp\/v2\/posts\/1700\/revisions\/1904"}],"wp:featuredmedia":[{"embeddable":true,"href":"https:\/\/caminhododao.org\/pt\/wp-json\/wp\/v2\/media\/1728"}],"wp:attachment":[{"href":"https:\/\/caminhododao.org\/pt\/wp-json\/wp\/v2\/media?parent=1700"}],"wp:term":[{"taxonomy":"category","embeddable":true,"href":"https:\/\/caminhododao.org\/pt\/wp-json\/wp\/v2\/categories?post=1700"},{"taxonomy":"post_tag","embeddable":true,"href":"https:\/\/caminhododao.org\/pt\/wp-json\/wp\/v2\/tags?post=1700"}],"curies":[{"name":"wp","href":"https:\/\/api.w.org\/{rel}","templated":true}]}}