{"id":2740,"date":"2019-06-23T10:12:00","date_gmt":"2019-06-23T10:12:00","guid":{"rendered":"http:\/\/caminhododao.org\/?p=2740"},"modified":"2022-02-23T10:12:44","modified_gmt":"2022-02-23T10:12:44","slug":"spring-2019-the-first-caminho-do-dao","status":"publish","type":"post","link":"https:\/\/caminhododao.org\/pt\/2019\/spring-2019-the-first-caminho-do-dao\/","title":{"rendered":"Spring 2019 ~ The first Caminho do D\u00e3o"},"content":{"rendered":"<div id=\"pl-gb2740-69f45eddb75c3\"  class=\"panel-layout\" ><div id=\"pg-gb2740-69f45eddb75c3-0\"  class=\"panel-grid panel-no-style\" ><div id=\"pgc-gb2740-69f45eddb75c3-0-0\"  class=\"panel-grid-cell panel-grid-cell-empty panel-grid-cell-mobile-last\" ><\/div><div id=\"pgc-gb2740-69f45eddb75c3-0-1\"  class=\"panel-grid-cell panel-grid-cell-empty\" ><\/div><\/div><div id=\"pg-gb2740-69f45eddb75c3-1\"  class=\"panel-grid panel-no-style\" ><div id=\"pgc-gb2740-69f45eddb75c3-1-0\"  class=\"panel-grid-cell\" ><div id=\"panel-gb2740-69f45eddb75c3-1-0-0\" class=\"so-panel widget widget_sow-image panel-first-child\" data-index=\"0\" ><div\n\t\t\t\n\t\t\tclass=\"so-widget-sow-image so-widget-sow-image-default-8b5b6f678277-2740\"\n\t\t\t\n\t\t>\n\n<div class=\"sow-image-container\">\n\t\t<img decoding=\"async\" src=\"https:\/\/caminhododao.org\/wp-content\/uploads\/2019\/05\/Photo-05-05-2019-08-25-27-1.jpg\" width=\"960\" height=\"960\" srcset=\"https:\/\/caminhododao.org\/wp-content\/uploads\/2019\/05\/Photo-05-05-2019-08-25-27-1.jpg 960w, https:\/\/caminhododao.org\/wp-content\/uploads\/2019\/05\/Photo-05-05-2019-08-25-27-1-150x150.jpg 150w, https:\/\/caminhododao.org\/wp-content\/uploads\/2019\/05\/Photo-05-05-2019-08-25-27-1-300x300.jpg 300w, https:\/\/caminhododao.org\/wp-content\/uploads\/2019\/05\/Photo-05-05-2019-08-25-27-1-768x768.jpg 768w, https:\/\/caminhododao.org\/wp-content\/uploads\/2019\/05\/Photo-05-05-2019-08-25-27-1-600x600.jpg 600w, https:\/\/caminhododao.org\/wp-content\/uploads\/2019\/05\/Photo-05-05-2019-08-25-27-1-125x125.jpg 125w\" sizes=\"(max-width: 960px) 100vw, 960px\" title=\"Start of walking day 5\" alt=\"\" loading=\"lazy\" \t\tclass=\"so-widget-image\"\/>\n\t<\/div>\n\n<\/div><\/div><div id=\"panel-gb2740-69f45eddb75c3-1-0-1\" class=\"so-panel widget widget_sow-image panel-last-child\" data-index=\"1\" ><div\n\t\t\t\n\t\t\tclass=\"so-widget-sow-image so-widget-sow-image-default-8b5b6f678277-2740\"\n\t\t\t\n\t\t>\n\n<div class=\"sow-image-container\">\n\t\t<img decoding=\"async\" src=\"https:\/\/caminhododao.org\/wp-content\/uploads\/2019\/07\/ChristalWaterFeet.jpg\" width=\"3255\" height=\"3070\" srcset=\"https:\/\/caminhododao.org\/wp-content\/uploads\/2019\/07\/ChristalWaterFeet.jpg 3255w, https:\/\/caminhododao.org\/wp-content\/uploads\/2019\/07\/ChristalWaterFeet-300x283.jpg 300w, https:\/\/caminhododao.org\/wp-content\/uploads\/2019\/07\/ChristalWaterFeet-768x724.jpg 768w, https:\/\/caminhododao.org\/wp-content\/uploads\/2019\/07\/ChristalWaterFeet-1024x966.jpg 1024w\" sizes=\"(max-width: 3255px) 100vw, 3255px\" alt=\"\" loading=\"lazy\" \t\tclass=\"so-widget-image\"\/>\n\t<\/div>\n\n<\/div><\/div><\/div><div id=\"pgc-gb2740-69f45eddb75c3-1-1\"  class=\"panel-grid-cell\" ><div id=\"panel-gb2740-69f45eddb75c3-1-1-0\" class=\"so-panel widget widget_sow-editor panel-first-child panel-last-child\" data-index=\"2\" ><div\n\t\t\t\n\t\t\tclass=\"so-widget-sow-editor so-widget-sow-editor-base\"\n\t\t\t\n\t\t>\n<div class=\"siteorigin-widget-tinymce textwidget\">\n\t<p>Estamos <a href=\"https:\/\/freyavandien.wordpress.com\/\" target=\"_blank\" rel=\"noopener\">Freya van Dien<\/a> (L) e Nadine van Schie (R) e entre dia 29 de Abril e 9 de Maio<sup>th<\/sup> 2019 caminhamos todo o comprimento do rio D\u00e3o.<br \/>\nWe have been friends for more than 40 years and have shared many adventures together yet this was our first long distance hike. Our plan was originally to go hiking in a more well known and (even) more scenic hiking area like the Pyrenees but lack of funds made us rethink this plan.<\/p>\n<p>As it happens Freya lives on the D\u00e3o river and, already for a few years, has been dreaming about walking the entire length of the river and possibly turning a walk like this into an official walking route. As the Portuguese say \u2018A necessidade agu\u00e7a o engenho\u2019 (need sharpens the engenuity) and the need to go walking and to explore the possibilities of the D\u00e3o valley made us decide to do a Caminho do D\u00e3o and make this experience public.<\/p>\n<\/div>\n<\/div><\/div><\/div><\/div><div id=\"pg-gb2740-69f45eddb75c3-2\"  class=\"panel-grid panel-no-style\" ><div id=\"pgc-gb2740-69f45eddb75c3-2-0\"  class=\"panel-grid-cell\" ><div id=\"panel-gb2740-69f45eddb75c3-2-0-0\" class=\"so-panel widget widget_sow-image panel-first-child\" data-index=\"3\" ><div\n\t\t\t\n\t\t\tclass=\"so-widget-sow-image so-widget-sow-image-default-8b5b6f678277-2740\"\n\t\t\t\n\t\t>\n\n<div class=\"sow-image-container\">\n\t\t<img decoding=\"async\" src=\"https:\/\/caminhododao.org\/wp-content\/uploads\/2019\/05\/Photo-01-05-2019-13-20-56.jpg\" width=\"1548\" height=\"1548\" srcset=\"https:\/\/caminhododao.org\/wp-content\/uploads\/2019\/05\/Photo-01-05-2019-13-20-56.jpg 1548w, https:\/\/caminhododao.org\/wp-content\/uploads\/2019\/05\/Photo-01-05-2019-13-20-56-150x150.jpg 150w, https:\/\/caminhododao.org\/wp-content\/uploads\/2019\/05\/Photo-01-05-2019-13-20-56-300x300.jpg 300w, https:\/\/caminhododao.org\/wp-content\/uploads\/2019\/05\/Photo-01-05-2019-13-20-56-768x768.jpg 768w, https:\/\/caminhododao.org\/wp-content\/uploads\/2019\/05\/Photo-01-05-2019-13-20-56-1024x1024.jpg 1024w, https:\/\/caminhododao.org\/wp-content\/uploads\/2019\/05\/Photo-01-05-2019-13-20-56-600x600.jpg 600w, https:\/\/caminhododao.org\/wp-content\/uploads\/2019\/05\/Photo-01-05-2019-13-20-56-125x125.jpg 125w\" sizes=\"(max-width: 1548px) 100vw, 1548px\" title=\"Walking into Penalva do Castello\" alt=\"\" loading=\"lazy\" \t\tclass=\"so-widget-image\"\/>\n\t<\/div>\n\n<\/div><\/div><div id=\"panel-gb2740-69f45eddb75c3-2-0-1\" class=\"so-panel widget widget_sow-image\" data-index=\"4\" ><div\n\t\t\t\n\t\t\tclass=\"so-widget-sow-image so-widget-sow-image-default-8b5b6f678277-2740\"\n\t\t\t\n\t\t>\n\n<div class=\"sow-image-container\">\n\t\t<img decoding=\"async\" src=\"https:\/\/caminhododao.org\/wp-content\/uploads\/2019\/04\/caminho-do-dao-ponte-dum-head.jpeg\" width=\"1500\" height=\"1500\" srcset=\"https:\/\/caminhododao.org\/wp-content\/uploads\/2019\/04\/caminho-do-dao-ponte-dum-head.jpeg 1500w, https:\/\/caminhododao.org\/wp-content\/uploads\/2019\/04\/caminho-do-dao-ponte-dum-head-300x300.jpeg 300w, https:\/\/caminhododao.org\/wp-content\/uploads\/2019\/04\/caminho-do-dao-ponte-dum-head-1024x1024.jpeg 1024w, https:\/\/caminhododao.org\/wp-content\/uploads\/2019\/04\/caminho-do-dao-ponte-dum-head-150x150.jpeg 150w, https:\/\/caminhododao.org\/wp-content\/uploads\/2019\/04\/caminho-do-dao-ponte-dum-head-768x768.jpeg 768w, https:\/\/caminhododao.org\/wp-content\/uploads\/2019\/04\/caminho-do-dao-ponte-dum-head-12x12.jpeg 12w\" sizes=\"(max-width: 1500px) 100vw, 1500px\" alt=\"\" loading=\"lazy\" \t\tclass=\"so-widget-image\"\/>\n\t<\/div>\n\n<\/div><\/div><div id=\"panel-gb2740-69f45eddb75c3-2-0-2\" class=\"so-panel widget widget_sow-image panel-last-child\" data-index=\"5\" ><div\n\t\t\t\n\t\t\tclass=\"so-widget-sow-image so-widget-sow-image-default-8b5b6f678277-2740\"\n\t\t\t\n\t\t>\n\n<div class=\"sow-image-container\">\n\t\t<img decoding=\"async\" src=\"https:\/\/caminhododao.org\/wp-content\/uploads\/2019\/05\/Photo-01-05-2019-09-49-59.jpg\" width=\"3024\" height=\"4032\" srcset=\"https:\/\/caminhododao.org\/wp-content\/uploads\/2019\/05\/Photo-01-05-2019-09-49-59.jpg 3024w, https:\/\/caminhododao.org\/wp-content\/uploads\/2019\/05\/Photo-01-05-2019-09-49-59-225x300.jpg 225w, https:\/\/caminhododao.org\/wp-content\/uploads\/2019\/05\/Photo-01-05-2019-09-49-59-768x1024.jpg 768w\" sizes=\"(max-width: 3024px) 100vw, 3024px\" title=\"Spirited travel\" alt=\"\" loading=\"lazy\" \t\tclass=\"so-widget-image\"\/>\n\t<\/div>\n\n<\/div><\/div><\/div><div id=\"pgc-gb2740-69f45eddb75c3-2-1\"  class=\"panel-grid-cell\" ><div id=\"panel-gb2740-69f45eddb75c3-2-1-0\" class=\"so-panel widget widget_sow-editor panel-first-child panel-last-child\" data-index=\"6\" ><div\n\t\t\t\n\t\t\tclass=\"so-widget-sow-editor so-widget-sow-editor-base\"\n\t\t\t\n\t\t><h3 class=\"widget-title\">O que implica o primeiro Caminho do D\u00e3o?<\/h3>\n<div class=\"siteorigin-widget-tinymce textwidget\">\n\t<p>Como mencionado acima, entre dia 29 de abril<sup>th<\/sup> e no dia 9 de maio n\u00f3s caminhamos e demos os primeiros passos no desenvolvimento de 'O Caminho do D\u00e3o' como um projeto com a inten\u00e7\u00e3o de que isso se tornasse '<em>A primeira rota de peregrina\u00e7\u00e3o da natureza no mundo<\/em>'. Esperamos que goste de ver a hist\u00f3ria se desenrolar e esperamos ter seu apoio no esfor\u00e7o.<\/p>\n<div id=\"pgc-55-3-1\" class=\"panel-grid-cell\">\n<div id=\"panel-55-3-1-0\" class=\"so-panel widget widget_sow-editor panel-first-child panel-last-child\" data-index=\"6\">\n<div class=\"so-widget-sow-editor so-widget-sow-editor-base\">\n<div class=\"siteorigin-widget-tinymce textwidget\">\n<p><strong>Os objetivos da primeira fase deste projeto:<\/strong><\/p>\n<p>~ Lan\u00e7amento de um site que narra a primeira caminhada e esta primeira fase do projeto.<\/p>\n<p>~ Conecte-se \u00e0 rede de partes interessadas e encontre os apoiadores do projeto.<\/p>\n<p>~ Conhe\u00e7a a melhor rota. Melhor significa o mais interessante em termos de paisagem e mais pr\u00e1tico quando se trata de dormir e comer ao longo do caminho.<\/p>\n<p>~ Conhe\u00e7a pessoas e colete informa\u00e7\u00f5es sobre lugares interessantes ao longo do caminho.<\/p>\n<p>~ Pergunte-se as seguintes quest\u00f5es:<br \/>\nComo pode o Caminho do D\u00e3o facilitar os benef\u00edcios f\u00edsicos e mentais do ato de caminhar no vale do D\u00e3o? De maneiras que s\u00e3o adicionais ao ato de caminhar.<br \/>\nO 'O Caminho do D\u00e3o' pode, de alguma forma, ajudar a proteger a natureza no vale do D\u00e3o?<br \/>\nO que imaginamos quando pensamos sobre o turismo de conserva\u00e7\u00e3o?<br \/>\nComo podemos integrar <a href=\"https:\/\/en.wikipedia.org\/wiki\/Taoism\" target=\"_blank\" rel=\"noopener\">Dao\u00edsmo<\/a> (tamb\u00e9m conhecido como tao\u00edsmo) e <a href=\"https:\/\/www.nytimes.com\/2014\/12\/21\/books\/review\/a-philosophy-of-walking-by-frdric-gros.html\" target=\"_blank\" rel=\"noopener\">Filosofia do andar<\/a> no projeto?<\/p>\n<\/div>\n<\/div>\n<\/div>\n<\/div>\n<\/div>\n<\/div><\/div><\/div><\/div><div id=\"pg-gb2740-69f45eddb75c3-3\"  class=\"panel-grid panel-no-style\" ><div id=\"pgc-gb2740-69f45eddb75c3-3-0\"  class=\"panel-grid-cell\" ><div id=\"panel-gb2740-69f45eddb75c3-3-0-0\" class=\"so-panel widget widget_sow-post-carousel panel-first-child panel-last-child\" data-index=\"7\" ><div\n\t\t\t\n\t\t\tclass=\"so-widget-sow-post-carousel so-widget-sow-post-carousel-base-16185f985534-2740\"\n\t\t\t\n\t\t>\t<div\n\t\tclass=\"sow-post-carousel-wrapper sow-post-carousel-theme-base\"\n\t\tstyle=\"overflow: hidden; max-width: 100%; min-height: 182px\"\n\t>\n\t\t<div class=\"sow-carousel-title has-title\">\n\t<h3 class=\"widget-title\">Read our blog posts about the first Caminho do D\u00e3o.<\/h3>\t\t<div class=\"sow-carousel-navigation\">\n\t\t\t\t\t\t<a href=\"#\" class=\"sow-carousel-next\" title=\"Next\" aria-label=\"Next Posts\" role=\"button\"><\/a>\n\t\t\t\t\t\t<a href=\"#\" class=\"sow-carousel-previous\" title=\"Previous\" aria-label=\"Previous Posts\" role=\"button\"><\/a>\n\t\t\t\t\t<\/div>\n\t<\/div>\n\n<div class=\"sow-carousel-container\">\n\t\t<div class=\"sow-carousel-wrapper\"\n\t\tdata-dir=\"ltr\"\n\t\tstyle=\"opacity: 0;\"\n\t\tdata-widget=\"post\" data-fetching=\"false\" data-page=\"1\" data-ajax-url=\"https:\/\/caminhododao.org\/wp-admin\/admin-ajax.php?_widgets_nonce=1f2f38b95b\" data-item_count=\"42\" data-carousel_settings=\"{&quot;loop&quot;:true,&quot;animation&quot;:&quot;ease&quot;,&quot;animation_speed&quot;:800,&quot;autoplay&quot;:&quot;&quot;,&quot;pauseOnHover&quot;:&quot;&quot;,&quot;autoplaySpeed&quot;:8000,&quot;item_overflow&quot;:true,&quot;autoplay_continuous_scroll&quot;:false}\" data-responsive=\"{&quot;desktop_slides_to_scroll&quot;:1,&quot;tablet_landscape_breakpoint&quot;:1366,&quot;tablet_landscape_slides_to_scroll&quot;:2,&quot;tablet_portrait_breakpoint&quot;:1025,&quot;tablet_portrait_slides_to_scroll&quot;:2,&quot;mobile_breakpoint&quot;:480,&quot;mobile_slides_to_scroll&quot;:1}\" data-variable_width=\"true\" \t>\n\t\t<div\n\t\t\tclass=\"sow-carousel-items\"\n\t\t\t\t\t>\n\t\t\t\t<div class=\"sow-carousel-item\" tabindex=\"-1\" style=\"float: left;\">\n\t\t<div class=\"sow-carousel-thumbnail\">\n\t\t\t\t\t\t\t<a\n\t\t\t\t\thref=\"https:\/\/caminhododao.org\/pt\/2019\/anticipation-message-1\/\"\n\t\t\t\t\t\t\t\t\t\tstyle=\"background-image: url( https:\/\/caminhododao.org\/wp-content\/uploads\/2019\/04\/DCE629B3-EFAA-4F06-88EE-7B9B7E7B75B6-272x182.jpeg )\"\n\t\t\t\t\taria-labelledby=\"sow-carousel-id-238\"\n\t\t\t\t\ttabindex=\"-1\"\n\t\t\t\t>\n\t\t\t\t\t<span class=\"overlay\"><\/span>\n\t\t\t\t<\/a>\n\t\t\t\t\t<\/div>\n\t\t<h3 class=\"sow-carousel-item-title\">\n\t\t\t<a\n\t\t\t\thref=\"https:\/\/caminhododao.org\/pt\/2019\/anticipation-message-1\/\"\n\t\t\t\tid=\"sow-carousel-id-238\"\n\t\t\t\t\t\t\t\ttabindex=\"-1\"\n\t\t\t>\n\n\t\t\t\tMensagem de antecipa\u00e7\u00e3o # 1\t\t\t<\/a>\n\t\t<\/h3>\n\t<\/div>\n\t<div class=\"sow-carousel-item\" tabindex=\"-1\" style=\"float: left;\">\n\t\t<div class=\"sow-carousel-thumbnail\">\n\t\t\t\t\t\t\t<a\n\t\t\t\t\thref=\"https:\/\/caminhododao.org\/pt\/2019\/anticipation-message-2\/\"\n\t\t\t\t\t\t\t\t\t\tstyle=\"background-image: url( https:\/\/caminhododao.org\/wp-content\/uploads\/2019\/04\/caminho-do-dao-ponte-dum-head-272x182.jpeg )\"\n\t\t\t\t\taria-labelledby=\"sow-carousel-id-217\"\n\t\t\t\t\ttabindex=\"-1\"\n\t\t\t\t>\n\t\t\t\t\t<span class=\"overlay\"><\/span>\n\t\t\t\t<\/a>\n\t\t\t\t\t<\/div>\n\t\t<h3 class=\"sow-carousel-item-title\">\n\t\t\t<a\n\t\t\t\thref=\"https:\/\/caminhododao.org\/pt\/2019\/anticipation-message-2\/\"\n\t\t\t\tid=\"sow-carousel-id-217\"\n\t\t\t\t\t\t\t\ttabindex=\"-1\"\n\t\t\t>\n\n\t\t\t\tMensagem de antecipa\u00e7\u00e3o # 2\t\t\t<\/a>\n\t\t<\/h3>\n\t<\/div>\n\t<div class=\"sow-carousel-item\" tabindex=\"-1\" style=\"float: left;\">\n\t\t<div class=\"sow-carousel-thumbnail\">\n\t\t\t\t\t\t\t<a\n\t\t\t\t\thref=\"https:\/\/caminhododao.org\/pt\/2019\/251\/\"\n\t\t\t\t\t\t\t\t\t\tstyle=\"background-image: url( https:\/\/caminhododao.org\/wp-content\/uploads\/2019\/04\/caminho-do-dao-requeijadas-272x182.jpg )\"\n\t\t\t\t\taria-labelledby=\"sow-carousel-id-251\"\n\t\t\t\t\ttabindex=\"-1\"\n\t\t\t\t>\n\t\t\t\t\t<span class=\"overlay\"><\/span>\n\t\t\t\t<\/a>\n\t\t\t\t\t<\/div>\n\t\t<h3 class=\"sow-carousel-item-title\">\n\t\t\t<a\n\t\t\t\thref=\"https:\/\/caminhododao.org\/pt\/2019\/251\/\"\n\t\t\t\tid=\"sow-carousel-id-251\"\n\t\t\t\t\t\t\t\ttabindex=\"-1\"\n\t\t\t>\n\n\t\t\t\tCdD 1.0 Bollos de Queij\u00e3o\t\t\t<\/a>\n\t\t<\/h3>\n\t<\/div>\n\t<div class=\"sow-carousel-item\" tabindex=\"-1\" style=\"float: left;\">\n\t\t<div class=\"sow-carousel-thumbnail\">\n\t\t\t\t\t\t\t<a\n\t\t\t\t\thref=\"https:\/\/caminhododao.org\/pt\/2019\/291\/\"\n\t\t\t\t\t\t\t\t\t\tstyle=\"background-image: url( https:\/\/caminhododao.org\/wp-content\/uploads\/2019\/05\/Photo-29-04-2019-09-06-42-272x182.jpg )\"\n\t\t\t\t\taria-labelledby=\"sow-carousel-id-291\"\n\t\t\t\t\ttabindex=\"-1\"\n\t\t\t\t>\n\t\t\t\t\t<span class=\"overlay\"><\/span>\n\t\t\t\t<\/a>\n\t\t\t\t\t<\/div>\n\t\t<h3 class=\"sow-carousel-item-title\">\n\t\t\t<a\n\t\t\t\thref=\"https:\/\/caminhododao.org\/pt\/2019\/291\/\"\n\t\t\t\tid=\"sow-carousel-id-291\"\n\t\t\t\t\t\t\t\ttabindex=\"-1\"\n\t\t\t>\n\n\t\t\t\tCdD 1.0 ~ Do fonte do D\u00e3o\t\t\t<\/a>\n\t\t<\/h3>\n\t<\/div>\n\t<div class=\"sow-carousel-item\" tabindex=\"-1\" style=\"float: left;\">\n\t\t<div class=\"sow-carousel-thumbnail\">\n\t\t\t\t\t\t\t<a\n\t\t\t\t\thref=\"https:\/\/caminhododao.org\/pt\/2019\/picture-of-the-day-april-29\/\"\n\t\t\t\t\t\t\t\t\t\tstyle=\"background-image: url( https:\/\/caminhododao.org\/wp-content\/uploads\/2019\/05\/Photo-29-04-2019-16-03-31-1-272x182.jpg )\"\n\t\t\t\t\taria-labelledby=\"sow-carousel-id-356\"\n\t\t\t\t\ttabindex=\"-1\"\n\t\t\t\t>\n\t\t\t\t\t<span class=\"overlay\"><\/span>\n\t\t\t\t<\/a>\n\t\t\t\t\t<\/div>\n\t\t<h3 class=\"sow-carousel-item-title\">\n\t\t\t<a\n\t\t\t\thref=\"https:\/\/caminhododao.org\/pt\/2019\/picture-of-the-day-april-29\/\"\n\t\t\t\tid=\"sow-carousel-id-356\"\n\t\t\t\t\t\t\t\ttabindex=\"-1\"\n\t\t\t>\n\n\t\t\t\tCdD 1.0 Picture of the day ~ April 29\t\t\t<\/a>\n\t\t<\/h3>\n\t<\/div>\n\t<div class=\"sow-carousel-item\" tabindex=\"-1\" style=\"float: left;\">\n\t\t<div class=\"sow-carousel-thumbnail\">\n\t\t\t\t\t\t\t<a\n\t\t\t\t\thref=\"https:\/\/caminhododao.org\/pt\/2019\/with-our-feet-in-the-dao\/\"\n\t\t\t\t\t\t\t\t\t\tstyle=\"background-image: url( https:\/\/caminhododao.org\/wp-content\/uploads\/2019\/04\/caminho-do-dao-cooling-dao-272x182.jpg )\"\n\t\t\t\t\taria-labelledby=\"sow-carousel-id-266\"\n\t\t\t\t\ttabindex=\"-1\"\n\t\t\t\t>\n\t\t\t\t\t<span class=\"overlay\"><\/span>\n\t\t\t\t<\/a>\n\t\t\t\t\t<\/div>\n\t\t<h3 class=\"sow-carousel-item-title\">\n\t\t\t<a\n\t\t\t\thref=\"https:\/\/caminhododao.org\/pt\/2019\/with-our-feet-in-the-dao\/\"\n\t\t\t\tid=\"sow-carousel-id-266\"\n\t\t\t\t\t\t\t\ttabindex=\"-1\"\n\t\t\t>\n\n\t\t\t\tCdD 1.0 ~ Cooling D\u00e3o\t\t\t<\/a>\n\t\t<\/h3>\n\t<\/div>\n\t<div class=\"sow-carousel-item\" tabindex=\"-1\" style=\"float: left;\">\n\t\t<div class=\"sow-carousel-thumbnail\">\n\t\t\t\t\t\t\t<a\n\t\t\t\t\thref=\"https:\/\/caminhododao.org\/pt\/2019\/picture-of-the-day-april-30\/\"\n\t\t\t\t\t\t\t\t\t\tstyle=\"background-image: url( https:\/\/caminhododao.org\/wp-content\/uploads\/2019\/05\/20190430_152444-272x182.jpg )\"\n\t\t\t\t\taria-labelledby=\"sow-carousel-id-344\"\n\t\t\t\t\ttabindex=\"-1\"\n\t\t\t\t>\n\t\t\t\t\t<span class=\"overlay\"><\/span>\n\t\t\t\t<\/a>\n\t\t\t\t\t<\/div>\n\t\t<h3 class=\"sow-carousel-item-title\">\n\t\t\t<a\n\t\t\t\thref=\"https:\/\/caminhododao.org\/pt\/2019\/picture-of-the-day-april-30\/\"\n\t\t\t\tid=\"sow-carousel-id-344\"\n\t\t\t\t\t\t\t\ttabindex=\"-1\"\n\t\t\t>\n\n\t\t\t\tCdD 1.0 ~ Picture of the day ~ April 30\t\t\t<\/a>\n\t\t<\/h3>\n\t<\/div>\n\t<div class=\"sow-carousel-item\" tabindex=\"-1\" style=\"float: left;\">\n\t\t<div class=\"sow-carousel-thumbnail\">\n\t\t\t\t\t\t\t<a\n\t\t\t\t\thref=\"https:\/\/caminhododao.org\/pt\/2019\/animals-on-the-caminho-do-dao-1\/\"\n\t\t\t\t\t\t\t\t\t\tstyle=\"background-image: url( https:\/\/caminhododao.org\/wp-content\/uploads\/2019\/04\/http___ourbeautifulworldanduniverse.com_wp-content_uploads_2013_06_enamoured-couple-of-bee-eaters-perched-on-a-twigo-obwu-OSEW-OWVg-PBg-r-272x182.jpg )\"\n\t\t\t\t\taria-labelledby=\"sow-carousel-id-279\"\n\t\t\t\t\ttabindex=\"-1\"\n\t\t\t\t>\n\t\t\t\t\t<span class=\"overlay\"><\/span>\n\t\t\t\t<\/a>\n\t\t\t\t\t<\/div>\n\t\t<h3 class=\"sow-carousel-item-title\">\n\t\t\t<a\n\t\t\t\thref=\"https:\/\/caminhododao.org\/pt\/2019\/animals-on-the-caminho-do-dao-1\/\"\n\t\t\t\tid=\"sow-carousel-id-279\"\n\t\t\t\t\t\t\t\ttabindex=\"-1\"\n\t\t\t>\n\n\t\t\t\tCdD 1.0 ~ Animals on the Caminho do D\u00e3o #1\t\t\t<\/a>\n\t\t<\/h3>\n\t<\/div>\n\t<div class=\"sow-carousel-item\" tabindex=\"-1\" style=\"float: left;\">\n\t\t<div class=\"sow-carousel-thumbnail\">\n\t\t\t\t\t\t\t<a\n\t\t\t\t\thref=\"https:\/\/caminhododao.org\/pt\/2019\/picture-of-the-day-may-1\/\"\n\t\t\t\t\t\t\t\t\t\tstyle=\"background-image: url( https:\/\/caminhododao.org\/wp-content\/uploads\/2019\/05\/Photo-01-05-2019-09-49-59-272x182.jpg )\"\n\t\t\t\t\taria-labelledby=\"sow-carousel-id-433\"\n\t\t\t\t\ttabindex=\"-1\"\n\t\t\t\t>\n\t\t\t\t\t<span class=\"overlay\"><\/span>\n\t\t\t\t<\/a>\n\t\t\t\t\t<\/div>\n\t\t<h3 class=\"sow-carousel-item-title\">\n\t\t\t<a\n\t\t\t\thref=\"https:\/\/caminhododao.org\/pt\/2019\/picture-of-the-day-may-1\/\"\n\t\t\t\tid=\"sow-carousel-id-433\"\n\t\t\t\t\t\t\t\ttabindex=\"-1\"\n\t\t\t>\n\n\t\t\t\tCdD 1.0 ~ Picture of the day ~ May 1\t\t\t<\/a>\n\t\t<\/h3>\n\t<\/div>\n\t<div class=\"sow-carousel-item\" tabindex=\"-1\" style=\"float: left;\">\n\t\t<div class=\"sow-carousel-thumbnail\">\n\t\t\t\t\t\t\t<a\n\t\t\t\t\thref=\"https:\/\/caminhododao.org\/pt\/2019\/boa-gente\/\"\n\t\t\t\t\t\t\t\t\t\tstyle=\"background-image: url( https:\/\/caminhododao.org\/wp-content\/uploads\/2019\/05\/Photo-30-04-2019-10-42-53-272x182.jpg )\"\n\t\t\t\t\taria-labelledby=\"sow-carousel-id-317\"\n\t\t\t\t\ttabindex=\"-1\"\n\t\t\t\t>\n\t\t\t\t\t<span class=\"overlay\"><\/span>\n\t\t\t\t<\/a>\n\t\t\t\t\t<\/div>\n\t\t<h3 class=\"sow-carousel-item-title\">\n\t\t\t<a\n\t\t\t\thref=\"https:\/\/caminhododao.org\/pt\/2019\/boa-gente\/\"\n\t\t\t\tid=\"sow-carousel-id-317\"\n\t\t\t\t\t\t\t\ttabindex=\"-1\"\n\t\t\t>\n\n\t\t\t\tCdD 1.0 ~ Boa Gente\t\t\t<\/a>\n\t\t<\/h3>\n\t<\/div>\n\t\t<\/div>\n\t\t\t<\/div>\n\n\t<\/div>\n\t\t<input type=\"hidden\" name=\"instance_hash\" value=\"86a5c1b7\"\/>\n\t<\/div>\n<\/div><\/div><\/div><\/div><\/div>","protected":false},"excerpt":{"rendered":"","protected":false},"author":2,"featured_media":0,"comment_status":"closed","ping_status":"open","sticky":false,"template":"","format":"standard","meta":{"_monsterinsights_skip_tracking":false,"_monsterinsights_sitenote_active":false,"_monsterinsights_sitenote_note":"","_monsterinsights_sitenote_category":0,"footnotes":""},"categories":[9,30,19,26,15,27,28,24],"tags":[],"_links":{"self":[{"href":"https:\/\/caminhododao.org\/pt\/wp-json\/wp\/v2\/posts\/2740"}],"collection":[{"href":"https:\/\/caminhododao.org\/pt\/wp-json\/wp\/v2\/posts"}],"about":[{"href":"https:\/\/caminhododao.org\/pt\/wp-json\/wp\/v2\/types\/post"}],"author":[{"embeddable":true,"href":"https:\/\/caminhododao.org\/pt\/wp-json\/wp\/v2\/users\/2"}],"replies":[{"embeddable":true,"href":"https:\/\/caminhododao.org\/pt\/wp-json\/wp\/v2\/comments?post=2740"}],"version-history":[{"count":3,"href":"https:\/\/caminhododao.org\/pt\/wp-json\/wp\/v2\/posts\/2740\/revisions"}],"predecessor-version":[{"id":2743,"href":"https:\/\/caminhododao.org\/pt\/wp-json\/wp\/v2\/posts\/2740\/revisions\/2743"}],"wp:attachment":[{"href":"https:\/\/caminhododao.org\/pt\/wp-json\/wp\/v2\/media?parent=2740"}],"wp:term":[{"taxonomy":"category","embeddable":true,"href":"https:\/\/caminhododao.org\/pt\/wp-json\/wp\/v2\/categories?post=2740"},{"taxonomy":"post_tag","embeddable":true,"href":"https:\/\/caminhododao.org\/pt\/wp-json\/wp\/v2\/tags?post=2740"}],"curies":[{"name":"wp","href":"https:\/\/api.w.org\/{rel}","templated":true}]}}