{"id":291,"date":"2019-04-29T12:38:26","date_gmt":"2019-04-29T12:38:26","guid":{"rendered":"http:\/\/caminhododao.org\/?p=291"},"modified":"2020-04-01T16:54:22","modified_gmt":"2020-04-01T16:54:22","slug":"291","status":"publish","type":"post","link":"https:\/\/caminhododao.org\/pt\/2019\/291\/","title":{"rendered":"CdD 1.0 ~ Do fonte do D\u00e3o"},"content":{"rendered":"<div id=\"pl-291\"  class=\"panel-layout\" ><div id=\"pg-291-0\"  class=\"panel-grid panel-no-style\" ><div id=\"pgc-291-0-0\"  class=\"panel-grid-cell\" ><div id=\"panel-291-0-0-0\" class=\"so-panel widget widget_sow-image panel-first-child panel-last-child\" data-index=\"0\" ><div\n\t\t\t\n\t\t\tclass=\"so-widget-sow-image so-widget-sow-image-default-8b5b6f678277-291\"\n\t\t\t\n\t\t>\n\n<div class=\"sow-image-container\">\n\t\t<img decoding=\"async\" src=\"https:\/\/caminhododao.org\/wp-content\/uploads\/2019\/05\/IMG_1566.jpg\" width=\"3456\" height=\"2304\" srcset=\"https:\/\/caminhododao.org\/wp-content\/uploads\/2019\/05\/IMG_1566.jpg 3456w, https:\/\/caminhododao.org\/wp-content\/uploads\/2019\/05\/IMG_1566-300x200.jpg 300w, https:\/\/caminhododao.org\/wp-content\/uploads\/2019\/05\/IMG_1566-768x512.jpg 768w, https:\/\/caminhododao.org\/wp-content\/uploads\/2019\/05\/IMG_1566-1024x683.jpg 1024w, https:\/\/caminhododao.org\/wp-content\/uploads\/2019\/05\/IMG_1566-600x400.jpg 600w, https:\/\/caminhododao.org\/wp-content\/uploads\/2019\/05\/IMG_1566-272x182.jpg 272w\" sizes=\"(max-width: 3456px) 100vw, 3456px\" title=\"The D\u00e3o surfaces\" alt=\"\" loading=\"lazy\" \t\tclass=\"so-widget-image\"\/>\n\t<\/div>\n\n<\/div><\/div><\/div><div id=\"pgc-291-0-1\"  class=\"panel-grid-cell\" ><div id=\"panel-291-0-1-0\" class=\"so-panel widget widget_sow-editor panel-first-child panel-last-child\" data-index=\"1\" ><div\n\t\t\t\n\t\t\tclass=\"so-widget-sow-editor so-widget-sow-editor-base\"\n\t\t\t\n\t\t><h3 class=\"widget-title\">O come\u00e7o de uma longa caminhada.<\/h3>\n<div class=\"siteorigin-widget-tinymce textwidget\">\n\t<p>Num campo de freixos rec\u00e9m plantados, a primeira linha de \u00e1gua do D\u00e3o surge na paisagem. A pastagem \u00e9 densa e encharcada e muitas flores silvestres que amam a \u00e1gua podem ser encontradas aqui. No lado sul deste campo, ergue-se um majestoso carvalho centen\u00e1rio que facilmente viu passar trezentos s\u00e9culos. Um belo local hist\u00f3rico e calmo para come\u00e7ar uma longa caminhada.<\/p>\n<\/div>\n<\/div><\/div><\/div><\/div><div id=\"pg-291-1\"  class=\"panel-grid panel-no-style\" ><div id=\"pgc-291-1-0\"  class=\"panel-grid-cell\" ><div id=\"panel-291-1-0-0\" class=\"so-panel widget widget_sow-image panel-first-child panel-last-child\" data-index=\"2\" ><div\n\t\t\t\n\t\t\tclass=\"so-widget-sow-image so-widget-sow-image-default-8b5b6f678277-291\"\n\t\t\t\n\t\t>\n\n<div class=\"sow-image-container\">\n\t\t<img decoding=\"async\" src=\"https:\/\/caminhododao.org\/wp-content\/uploads\/2019\/05\/Photo-29-04-2019-09-06-42.jpg\" width=\"1280\" height=\"960\" srcset=\"https:\/\/caminhododao.org\/wp-content\/uploads\/2019\/05\/Photo-29-04-2019-09-06-42.jpg 1280w, https:\/\/caminhododao.org\/wp-content\/uploads\/2019\/05\/Photo-29-04-2019-09-06-42-300x225.jpg 300w, https:\/\/caminhododao.org\/wp-content\/uploads\/2019\/05\/Photo-29-04-2019-09-06-42-768x576.jpg 768w, https:\/\/caminhododao.org\/wp-content\/uploads\/2019\/05\/Photo-29-04-2019-09-06-42-1024x768.jpg 1024w\" sizes=\"(max-width: 1280px) 100vw, 1280px\" title=\"D\u00e3o, we&#8217;ll follow you till the end!\" alt=\"\" loading=\"lazy\" \t\tclass=\"so-widget-image\"\/>\n\t<\/div>\n\n<\/div><\/div><\/div><div id=\"pgc-291-1-1\"  class=\"panel-grid-cell\" ><div id=\"panel-291-1-1-0\" class=\"so-panel widget widget_sow-image panel-first-child panel-last-child\" data-index=\"3\" ><div\n\t\t\t\n\t\t\tclass=\"so-widget-sow-image so-widget-sow-image-default-8b5b6f678277-291\"\n\t\t\t\n\t\t>\n\n<div class=\"sow-image-container\">\n\t\t<img decoding=\"async\" src=\"https:\/\/caminhododao.org\/wp-content\/uploads\/2019\/05\/Photo-29-04-2019-09-16-24-e1631289965267.jpg\" width=\"1500\" height=\"1125\" sizes=\"(max-width: 1500px) 100vw, 1500px\" title=\"Photo 29-04-2019, 09 16 24\" alt=\"Carvalho do fonte do D\u00e3o\" loading=\"lazy\" \t\tclass=\"so-widget-image\"\/>\n\t<\/div>\n\n<\/div><\/div><\/div><\/div><\/div>","protected":false},"excerpt":{"rendered":"<p>In a field of newly planted ash trees the first water line of the D\u00e3o surfaces in the landscape. The grassland is dense and soggy&hellip;<\/p>","protected":false},"author":2,"featured_media":294,"comment_status":"open","ping_status":"open","sticky":false,"template":"","format":"standard","meta":{"_monsterinsights_skip_tracking":false,"_monsterinsights_sitenote_active":false,"_monsterinsights_sitenote_note":"","_monsterinsights_sitenote_category":0,"footnotes":""},"categories":[1],"tags":[],"_links":{"self":[{"href":"https:\/\/caminhododao.org\/pt\/wp-json\/wp\/v2\/posts\/291"}],"collection":[{"href":"https:\/\/caminhododao.org\/pt\/wp-json\/wp\/v2\/posts"}],"about":[{"href":"https:\/\/caminhododao.org\/pt\/wp-json\/wp\/v2\/types\/post"}],"author":[{"embeddable":true,"href":"https:\/\/caminhododao.org\/pt\/wp-json\/wp\/v2\/users\/2"}],"replies":[{"embeddable":true,"href":"https:\/\/caminhododao.org\/pt\/wp-json\/wp\/v2\/comments?post=291"}],"version-history":[{"count":11,"href":"https:\/\/caminhododao.org\/pt\/wp-json\/wp\/v2\/posts\/291\/revisions"}],"predecessor-version":[{"id":1546,"href":"https:\/\/caminhododao.org\/pt\/wp-json\/wp\/v2\/posts\/291\/revisions\/1546"}],"wp:featuredmedia":[{"embeddable":true,"href":"https:\/\/caminhododao.org\/pt\/wp-json\/wp\/v2\/media\/294"}],"wp:attachment":[{"href":"https:\/\/caminhododao.org\/pt\/wp-json\/wp\/v2\/media?parent=291"}],"wp:term":[{"taxonomy":"category","embeddable":true,"href":"https:\/\/caminhododao.org\/pt\/wp-json\/wp\/v2\/categories?post=291"},{"taxonomy":"post_tag","embeddable":true,"href":"https:\/\/caminhododao.org\/pt\/wp-json\/wp\/v2\/tags?post=291"}],"curies":[{"name":"wp","href":"https:\/\/api.w.org\/{rel}","templated":true}]}}