{"id":2933,"date":"2022-05-20T16:27:10","date_gmt":"2022-05-20T16:27:10","guid":{"rendered":"http:\/\/caminhododao.org\/?p=2933"},"modified":"2022-05-22T07:44:41","modified_gmt":"2022-05-22T07:44:41","slug":"boa-gente-no-caminho-do-dao","status":"publish","type":"post","link":"https:\/\/caminhododao.org\/pt\/2022\/boa-gente-no-caminho-do-dao\/","title":{"rendered":"Boa gente (no Caminho) do D\u00e3o."},"content":{"rendered":"<div id=\"pl-2933\"  class=\"panel-layout\" ><div id=\"pg-2933-0\"  class=\"panel-grid panel-no-style\" ><div id=\"pgc-2933-0-0\"  class=\"panel-grid-cell panel-grid-cell-empty\" ><\/div><div id=\"pgc-2933-0-1\"  class=\"panel-grid-cell panel-grid-cell-empty panel-grid-cell-mobile-last\" ><\/div><div id=\"pgc-2933-0-2\"  class=\"panel-grid-cell panel-grid-cell-empty\" ><\/div><\/div><div id=\"pg-2933-1\"  class=\"panel-grid panel-no-style\" ><div id=\"pgc-2933-1-0\"  class=\"panel-grid-cell\" ><div id=\"panel-2933-1-0-0\" class=\"so-panel widget widget_sow-editor panel-first-child panel-last-child\" data-index=\"0\" ><div\n\t\t\t\n\t\t\tclass=\"so-widget-sow-editor so-widget-sow-editor-base\"\n\t\t\t\n\t\t>\n<div class=\"siteorigin-widget-tinymce textwidget\">\n\t<p>Uma das maneiras que eu descreveria a experi\u00eancia de caminhar por este vale fluvial \u00e9: um encontro \u00edntimo com a vida. A vida de todas as maneiras que pode imaginar; vida vegetal, vida animal, vida microbiana, sua pr\u00f3pria vida, o ciclo da vida e as vidas de muitas pessoas que encontra ao longo do caminho.<\/p>\n<p>&nbsp;<\/p>\n<\/div>\n<\/div><\/div><\/div><\/div><div id=\"pg-2933-2\"  class=\"panel-grid panel-no-style\" ><div id=\"pgc-2933-2-0\"  class=\"panel-grid-cell\" ><div id=\"panel-2933-2-0-0\" class=\"so-panel widget widget_sow-image panel-first-child panel-last-child\" data-index=\"1\" ><div\n\t\t\t\n\t\t\tclass=\"so-widget-sow-image so-widget-sow-image-default-8b5b6f678277-2933\"\n\t\t\t\n\t\t>\n\n<div class=\"sow-image-container\">\n\t\t<img decoding=\"async\" src=\"https:\/\/caminhododao.org\/wp-content\/uploads\/2022\/05\/IMG_E3630-scaled-e1653063483196.jpg\" width=\"800\" height=\"800\" sizes=\"(max-width: 800px) 100vw, 800px\" title=\"Caminho do D\u00e3o sr. Nelson\" alt=\"\" loading=\"lazy\" \t\tclass=\"so-widget-image\"\/>\n\t<\/div>\n\n<\/div><\/div><\/div><div id=\"pgc-2933-2-1\"  class=\"panel-grid-cell\" ><div id=\"panel-2933-2-1-0\" class=\"so-panel widget widget_sow-image panel-first-child panel-last-child\" data-index=\"2\" ><div\n\t\t\t\n\t\t\tclass=\"so-widget-sow-image so-widget-sow-image-default-8b5b6f678277-2933\"\n\t\t\t\n\t\t>\n\n<div class=\"sow-image-container\">\n\t\t<img decoding=\"async\" src=\"https:\/\/caminhododao.org\/wp-content\/uploads\/2022\/05\/FXDDE9465-e1653063589848.jpg\" width=\"800\" height=\"800\" sizes=\"(max-width: 800px) 100vw, 800px\" title=\"Caminho do D\u00e3o sr. Caseiro\" alt=\"\" loading=\"lazy\" \t\tclass=\"so-widget-image\"\/>\n\t<\/div>\n\n<\/div><\/div><\/div><div id=\"pgc-2933-2-2\"  class=\"panel-grid-cell\" ><div id=\"panel-2933-2-2-0\" class=\"so-panel widget widget_sow-image panel-first-child panel-last-child\" data-index=\"3\" ><div\n\t\t\t\n\t\t\tclass=\"so-widget-sow-image so-widget-sow-image-default-8b5b6f678277-2933\"\n\t\t\t\n\t\t>\n\n<div class=\"sow-image-container\">\n\t\t<img decoding=\"async\" src=\"https:\/\/caminhododao.org\/wp-content\/uploads\/2022\/05\/caminho-do-dao-boa-gente-maria-alice.jpg\" width=\"800\" height=\"800\" srcset=\"https:\/\/caminhododao.org\/wp-content\/uploads\/2022\/05\/caminho-do-dao-boa-gente-maria-alice.jpg 800w, https:\/\/caminhododao.org\/wp-content\/uploads\/2022\/05\/caminho-do-dao-boa-gente-maria-alice-300x300.jpg 300w, https:\/\/caminhododao.org\/wp-content\/uploads\/2022\/05\/caminho-do-dao-boa-gente-maria-alice-150x150.jpg 150w, https:\/\/caminhododao.org\/wp-content\/uploads\/2022\/05\/caminho-do-dao-boa-gente-maria-alice-768x768.jpg 768w, https:\/\/caminhododao.org\/wp-content\/uploads\/2022\/05\/caminho-do-dao-boa-gente-maria-alice-12x12.jpg 12w\" sizes=\"(max-width: 800px) 100vw, 800px\" title=\"Caminho do D\u00e3o Donna Maria Alice\" alt=\"\" loading=\"lazy\" \t\tclass=\"so-widget-image\"\/>\n\t<\/div>\n\n<\/div><\/div><\/div><\/div><div id=\"pg-2933-3\"  class=\"panel-grid panel-no-style\" ><div id=\"pgc-2933-3-0\"  class=\"panel-grid-cell\" ><div id=\"panel-2933-3-0-0\" class=\"so-panel widget widget_sow-editor panel-first-child panel-last-child\" data-index=\"4\" ><div\n\t\t\t\n\t\t\tclass=\"so-widget-sow-editor so-widget-sow-editor-base\"\n\t\t\t\n\t\t>\n<div class=\"siteorigin-widget-tinymce textwidget\">\n\t<p><strong>Este post \u00e9 sobre as pessoas que encontramos ao longo do caminho.<br \/>\n<\/strong><br \/>\nCaminhar por uma paisagem rural \u00e9 caminhar pelos lugares onde as pessoas vivem suas vidas e com um pouco de interesse e esfor\u00e7o conversamos e se conecta com as pessoas que fazem parte da terra. Esta \u00e9 definitivamente uma das maiores alegrias de estar no mundo a p\u00e9; os encontros pessoais, conversas e instant\u00e2neos que obt\u00e9m da vida dos habitantes locais. No campo ou na aldeia, dois mundos diferentes se encontram por um momento no tempo, um sendo uma vida no lugar (o local) e o outro uma vida em movimento (o caminhante).<\/p>\n<\/div>\n<\/div><\/div><\/div><\/div><div id=\"pg-2933-4\"  class=\"panel-grid panel-no-style\" ><div id=\"pgc-2933-4-0\"  class=\"panel-grid-cell\" ><div id=\"panel-2933-4-0-0\" class=\"so-panel widget widget_sow-image panel-first-child panel-last-child\" data-index=\"5\" ><div\n\t\t\t\n\t\t\tclass=\"so-widget-sow-image so-widget-sow-image-default-8b5b6f678277-2933\"\n\t\t\t\n\t\t>\n\n<div class=\"sow-image-container\">\n\t\t<img decoding=\"async\" src=\"https:\/\/caminhododao.org\/wp-content\/uploads\/2022\/05\/VBGKE3376-e1653064496945.jpg\" width=\"800\" height=\"800\" sizes=\"(max-width: 800px) 100vw, 800px\" title=\"Caminho do D\u00e3o ladies Silgueiros\" alt=\"\" loading=\"lazy\" \t\tclass=\"so-widget-image\"\/>\n\t<\/div>\n\n<\/div><\/div><\/div><div id=\"pgc-2933-4-1\"  class=\"panel-grid-cell\" ><div id=\"panel-2933-4-1-0\" class=\"so-panel widget widget_sow-image panel-first-child panel-last-child\" data-index=\"6\" ><div\n\t\t\t\n\t\t\tclass=\"so-widget-sow-image so-widget-sow-image-default-8b5b6f678277-2933\"\n\t\t\t\n\t\t>\n\n<div class=\"sow-image-container\">\n\t\t<img decoding=\"async\" src=\"https:\/\/caminhododao.org\/wp-content\/uploads\/2022\/05\/RMXWE3977-e1653063745352.jpg\" width=\"800\" height=\"800\" sizes=\"(max-width: 800px) 100vw, 800px\" title=\"Caminho do D\u00e3o Jos\u00e9 Ferreira\" alt=\"\" loading=\"lazy\" \t\tclass=\"so-widget-image\"\/>\n\t<\/div>\n\n<\/div><\/div><\/div><div id=\"pgc-2933-4-2\"  class=\"panel-grid-cell\" ><div id=\"panel-2933-4-2-0\" class=\"so-panel widget widget_sow-image panel-first-child panel-last-child\" data-index=\"7\" ><div\n\t\t\t\n\t\t\tclass=\"so-widget-sow-image so-widget-sow-image-default-8b5b6f678277-2933\"\n\t\t\t\n\t\t>\n\n<div class=\"sow-image-container\">\n\t\t<img decoding=\"async\" src=\"https:\/\/caminhododao.org\/wp-content\/uploads\/2022\/05\/VJSBE6043-e1653063784608.jpg\" width=\"800\" height=\"800\" sizes=\"(max-width: 800px) 100vw, 800px\" title=\"Caminho do D\u00e3o Da. Ferreira\" alt=\"\" loading=\"lazy\" \t\tclass=\"so-widget-image\"\/>\n\t<\/div>\n\n<\/div><\/div><\/div><\/div><div id=\"pg-2933-5\"  class=\"panel-grid panel-no-style\" ><div id=\"pgc-2933-5-0\"  class=\"panel-grid-cell\" ><div id=\"panel-2933-5-0-0\" class=\"so-panel widget widget_sow-editor panel-first-child panel-last-child\" data-index=\"8\" ><div\n\t\t\t\n\t\t\tclass=\"so-widget-sow-editor so-widget-sow-editor-base\"\n\t\t\t\n\t\t>\n<div class=\"siteorigin-widget-tinymce textwidget\">\n\t<p>Talvez uma das raz\u00f5es pelas quais os encontros s\u00e3o muitas vezes t\u00e3o animados \u00e9 porque a curiosidade entre o caminhante e o local costuma ser de igual medida. O que eu experimento aqui em Portugal \u00e9 quando se atreve a ser curioso, se comportar com respeito e mostrar apre\u00e7o a maioria das pessoas s\u00e3o abertas, compartilhando e igualmente curiosas. Por alguns minutos temos um vislumbre da vida do Sr. Nelson e ouvimos o que donna Maria andou fazendo em seu jardim hoje. Estes momentos com os locais s\u00e3o muito tocantes e refor\u00e7am o sentimento de liga\u00e7\u00e3o que n\u00f3s, caminhantes, sentimos com o vale do D\u00e3o.<\/p>\n<\/div>\n<\/div><\/div><\/div><\/div><div id=\"pg-2933-6\"  class=\"panel-grid panel-no-style\" ><div id=\"pgc-2933-6-0\"  class=\"panel-grid-cell\" ><div id=\"panel-2933-6-0-0\" class=\"so-panel widget widget_sow-image panel-first-child panel-last-child\" data-index=\"9\" ><div\n\t\t\t\n\t\t\tclass=\"so-widget-sow-image so-widget-sow-image-default-8b5b6f678277-2933\"\n\t\t\t\n\t\t>\n\n<div class=\"sow-image-container\">\n\t\t<img decoding=\"async\" src=\"https:\/\/caminhododao.org\/wp-content\/uploads\/2022\/05\/RKLLE7547-e1653063827814.jpg\" width=\"800\" height=\"800\" sizes=\"(max-width: 800px) 100vw, 800px\" title=\"Caminho do D\u00e3o Pedro Caf\u00e9 Central\" alt=\"\" loading=\"lazy\" \t\tclass=\"so-widget-image\"\/>\n\t<\/div>\n\n<\/div><\/div><\/div><div id=\"pgc-2933-6-1\"  class=\"panel-grid-cell\" ><div id=\"panel-2933-6-1-0\" class=\"so-panel widget widget_sow-image panel-first-child panel-last-child\" data-index=\"10\" ><div\n\t\t\t\n\t\t\tclass=\"so-widget-sow-image so-widget-sow-image-default-8b5b6f678277-2933\"\n\t\t\t\n\t\t>\n\n<div class=\"sow-image-container\">\n\t\t<img decoding=\"async\" src=\"https:\/\/caminhododao.org\/wp-content\/uploads\/2022\/05\/CPWZ1936-e1653063875458.jpg\" width=\"800\" height=\"800\" sizes=\"(max-width: 800px) 100vw, 800px\" title=\"Caminho do D\u00e3o Donnas da Forninhas\" alt=\"\" loading=\"lazy\" \t\tclass=\"so-widget-image\"\/>\n\t<\/div>\n\n<\/div><\/div><\/div><div id=\"pgc-2933-6-2\"  class=\"panel-grid-cell\" ><div id=\"panel-2933-6-2-0\" class=\"so-panel widget widget_sow-image panel-first-child panel-last-child\" data-index=\"11\" ><div\n\t\t\t\n\t\t\tclass=\"so-widget-sow-image so-widget-sow-image-default-8b5b6f678277-2933\"\n\t\t\t\n\t\t>\n\n<div class=\"sow-image-container\">\n\t\t<img decoding=\"async\" src=\"https:\/\/caminhododao.org\/wp-content\/uploads\/2022\/05\/IMG_E4257-e1653063936335.jpg\" width=\"800\" height=\"800\" sizes=\"(max-width: 800px) 100vw, 800px\" title=\"Caminho do D\u00e3o Maria Am\u00e9lia\" alt=\"\" loading=\"lazy\" \t\tclass=\"so-widget-image\"\/>\n\t<\/div>\n\n<\/div><\/div><\/div><\/div><div id=\"pg-2933-7\"  class=\"panel-grid panel-no-style\" ><div id=\"pgc-2933-7-0\"  class=\"panel-grid-cell\" ><div id=\"panel-2933-7-0-0\" class=\"so-panel widget widget_sow-editor panel-first-child panel-last-child\" data-index=\"12\" ><div\n\t\t\t\n\t\t\tclass=\"so-widget-sow-editor so-widget-sow-editor-base\"\n\t\t\t\n\t\t>\n<div class=\"siteorigin-widget-tinymce textwidget\">\n\t<p><strong>Esta \u00e9 uma express\u00e3o de gratid\u00e3o pelas conversas simp\u00e1ticas com:<\/strong><\/p>\n<p><em>Sr. Nelson Costa<\/em> que mora na Barranha perto da <a href=\"https:\/\/www.freguesiadeeirado.com\/nascente-rio-dao\" target=\"_blank\" rel=\"noopener\">fonte do D\u00e3o<\/a>.<br \/>\n<em>Sr. Ant\u00f3nio<\/em> que se mudou da Su\u00ed\u00e7a para a sua terra natal e est\u00e1 a reconstruir a quinta da sua fam\u00edlia perto de Dornelas.<br \/>\nDonna <em>Maria Alice<\/em> a senhora velhinha (com o cachorrinho mais alegre) que se mant\u00e9m ativa andando entre as matas e os campos coletando madeira e cultivando comida como fez toda a sua vida.<br \/>\n<em>Sr. Caseiro<\/em> que partilha a paix\u00e3o pelas caminhadas e nos convidou a vir visitar Vila Real.<br \/>\nAs senhoras no banco \u00e0 sombra em Forninhos que brincavam que tamb\u00e9m t\u00ednhamos deixado nossos maridos em casa.<br \/>\n<em>T\u00f3,<\/em> o dono jovial da <a href=\"https:\/\/www.casadorio-fagilde.com\/\" target=\"_blank\" rel=\"noopener\">Casa do Rio<\/a> na barragem de Fagilde.<br \/>\nA <em>Ferreiras family<\/em> que continuam a moer gr\u00e3os e milho no complexo de moinhos com mais de 100 anos, pouco abaixo de Alcafache.<br \/>\n<em>Donna Maria Am\u00e9lia &amp; Sr Ant\u00f3nio<\/em> que cultivam as v\u00e1rzeas do D\u00e3o perto de Sangemil e o seu amor como marido e mulher h\u00e1 mais de 60 anos.<br \/>\n<em>Sr. Jacinto<\/em> do Caf\u00e9 Central em Pap\u00edzios que expressou genu\u00edna felicidade ao ver o segundo grupo do Caminho do D\u00e3o entrar no seu caf\u00e9 e nos oferecer uma bebida.<\/p>\n<\/div>\n<\/div><\/div><\/div><\/div><div id=\"pg-2933-8\"  class=\"panel-grid panel-no-style\" ><div id=\"pgc-2933-8-0\"  class=\"panel-grid-cell\" ><div id=\"panel-2933-8-0-0\" class=\"so-panel widget widget_sow-image panel-first-child panel-last-child\" data-index=\"13\" ><div\n\t\t\t\n\t\t\tclass=\"so-widget-sow-image so-widget-sow-image-default-8b5b6f678277-2933\"\n\t\t\t\n\t\t>\n\n<div class=\"sow-image-container\">\n\t\t<img decoding=\"async\" src=\"https:\/\/caminhododao.org\/wp-content\/uploads\/2022\/05\/MKWSE8618-e1653064582203.jpg\" width=\"800\" height=\"800\" sizes=\"(max-width: 800px) 100vw, 800px\" title=\"Caminho do D\u00e3o Agusta &#038; Fernando\" alt=\"\" loading=\"lazy\" \t\tclass=\"so-widget-image\"\/>\n\t<\/div>\n\n<\/div><\/div><\/div><div id=\"pgc-2933-8-1\"  class=\"panel-grid-cell\" ><div id=\"panel-2933-8-1-0\" class=\"so-panel widget widget_sow-image panel-first-child panel-last-child\" data-index=\"14\" ><div\n\t\t\t\n\t\t\tclass=\"so-widget-sow-image so-widget-sow-image-default-8b5b6f678277-2933\"\n\t\t\t\n\t\t>\n\n<div class=\"sow-image-container\">\n\t\t<img decoding=\"async\" src=\"https:\/\/caminhododao.org\/wp-content\/uploads\/2021\/09\/a9655725-2ccc-4154-8ffa-6bb1fb76b3b7-e1636045212499.jpg\" width=\"800\" height=\"800\" sizes=\"(max-width: 800px) 100vw, 800px\" title=\"Caminho do D\u00e3o Avo Tino\" alt=\"\" loading=\"lazy\" \t\tclass=\"so-widget-image\"\/>\n\t<\/div>\n\n<\/div><\/div><\/div><div id=\"pgc-2933-8-2\"  class=\"panel-grid-cell\" ><div id=\"panel-2933-8-2-0\" class=\"so-panel widget widget_sow-image panel-first-child panel-last-child\" data-index=\"15\" ><div\n\t\t\t\n\t\t\tclass=\"so-widget-sow-image so-widget-sow-image-default-8b5b6f678277-2933\"\n\t\t\t\n\t\t>\n\n<div class=\"sow-image-container\">\n\t\t<img decoding=\"async\" src=\"https:\/\/caminhododao.org\/wp-content\/uploads\/2020\/02\/IMG_E2489-scaled-e1653064699742.jpg\" width=\"800\" height=\"800\" sizes=\"(max-width: 800px) 100vw, 800px\" title=\"Caminho do D\u00e3o &#8211; Celia Salvador\" alt=\"\" loading=\"lazy\" \t\tclass=\"so-widget-image\"\/>\n\t<\/div>\n\n<\/div><\/div><\/div><\/div><div id=\"pg-2933-9\"  class=\"panel-grid panel-no-style\" ><div id=\"pgc-2933-9-0\"  class=\"panel-grid-cell\" ><div id=\"panel-2933-9-0-0\" class=\"so-panel widget widget_sow-editor panel-first-child panel-last-child\" data-index=\"16\" ><div\n\t\t\t\n\t\t\tclass=\"so-widget-sow-editor so-widget-sow-editor-base\"\n\t\t\t\n\t\t>\n<div class=\"siteorigin-widget-tinymce textwidget\">\n\t<p>E para a melhor hospitalidade:<br \/>\nDonna Agusta &amp; Fernando da <a href=\"https:\/\/www.tripadvisor.pt\/Hotel_Review-g12693825-d12793112-Reviews-Terreiro_Santa_Cruz-Carapito_Guarda_District_Central_Portugal.html\" target=\"_blank\" rel=\"noopener\">Terreiros de Santa Cruz<\/a> em Carapito onde fic\u00e1mos as duas primeiras noites, as simp\u00e1ticas senhoras da Pastelaria Pena D\u2019Alva em Penalva do Castelo, Pedro do Caf\u00e9 Central em Alcafache, Donna C\u00e9lia e sr. Salvador de <a href=\"https:\/\/www.beiradao.com\/\" target=\"_blank\" rel=\"noopener\">Hotel BeiraD\u00e3o<\/a> e Jorge de <a href=\"http:\/\/casasdozagao.com\/?lang=en\" target=\"_blank\" rel=\"noopener\">Casas do Zag\u00e3o<\/a> em Carregal do Sal.<\/p>\n<\/div>\n<\/div><\/div><\/div><\/div><div id=\"pg-2933-10\"  class=\"panel-grid panel-no-style\" ><div id=\"pgc-2933-10-0\"  class=\"panel-grid-cell panel-grid-cell-empty\" ><\/div><\/div><\/div>","protected":false},"excerpt":{"rendered":"<p>One of the ways I would describe the experience of walking through this river valley is: an intimate encounter with life. Life in all the&hellip;<\/p>","protected":false},"author":2,"featured_media":2922,"comment_status":"closed","ping_status":"open","sticky":false,"template":"","format":"standard","meta":{"_monsterinsights_skip_tracking":false,"_monsterinsights_sitenote_active":false,"_monsterinsights_sitenote_note":"","_monsterinsights_sitenote_category":0,"footnotes":""},"categories":[34,15,28,24,35],"tags":[],"_links":{"self":[{"href":"https:\/\/caminhododao.org\/pt\/wp-json\/wp\/v2\/posts\/2933"}],"collection":[{"href":"https:\/\/caminhododao.org\/pt\/wp-json\/wp\/v2\/posts"}],"about":[{"href":"https:\/\/caminhododao.org\/pt\/wp-json\/wp\/v2\/types\/post"}],"author":[{"embeddable":true,"href":"https:\/\/caminhododao.org\/pt\/wp-json\/wp\/v2\/users\/2"}],"replies":[{"embeddable":true,"href":"https:\/\/caminhododao.org\/pt\/wp-json\/wp\/v2\/comments?post=2933"}],"version-history":[{"count":19,"href":"https:\/\/caminhododao.org\/pt\/wp-json\/wp\/v2\/posts\/2933\/revisions"}],"predecessor-version":[{"id":2952,"href":"https:\/\/caminhododao.org\/pt\/wp-json\/wp\/v2\/posts\/2933\/revisions\/2952"}],"wp:featuredmedia":[{"embeddable":true,"href":"https:\/\/caminhododao.org\/pt\/wp-json\/wp\/v2\/media\/2922"}],"wp:attachment":[{"href":"https:\/\/caminhododao.org\/pt\/wp-json\/wp\/v2\/media?parent=2933"}],"wp:term":[{"taxonomy":"category","embeddable":true,"href":"https:\/\/caminhododao.org\/pt\/wp-json\/wp\/v2\/categories?post=2933"},{"taxonomy":"post_tag","embeddable":true,"href":"https:\/\/caminhododao.org\/pt\/wp-json\/wp\/v2\/tags?post=2933"}],"curies":[{"name":"wp","href":"https:\/\/api.w.org\/{rel}","templated":true}]}}