{"id":576,"date":"2019-07-04T14:42:07","date_gmt":"2019-07-04T14:42:07","guid":{"rendered":"http:\/\/caminhododao.org\/?page_id=576"},"modified":"2022-11-21T12:22:35","modified_gmt":"2022-11-21T12:22:35","slug":"caminho-1-0-main-observations","status":"publish","type":"post","link":"https:\/\/caminhododao.org\/pt\/2019\/caminho-1-0-main-observations\/","title":{"rendered":"Caminho 1.0 ~ Principais Observa\u00e7\u00f5es"},"content":{"rendered":"<div id=\"pl-576\"  class=\"panel-layout\" ><div id=\"pg-576-0\"  class=\"panel-grid panel-no-style\" ><div id=\"pgc-576-0-0\"  class=\"panel-grid-cell panel-grid-cell-empty\" ><\/div><\/div><div id=\"pg-576-1\"  class=\"panel-grid panel-no-style\" ><div id=\"pgc-576-1-0\"  class=\"panel-grid-cell\" ><div id=\"panel-576-1-0-0\" class=\"so-panel widget widget_sow-editor panel-first-child panel-last-child\" data-index=\"0\" ><div\n\t\t\t\n\t\t\tclass=\"so-widget-sow-editor so-widget-sow-editor-base\"\n\t\t\t\n\t\t>\n<div class=\"siteorigin-widget-tinymce textwidget\">\n\t<p>Quando caminhamos o Caminho pela primeira vez, foi para conhecer melhor esse vale e compartilhar nossas observa\u00e7\u00f5es e experi\u00eancias depois. Focamos principalmente na pergunta 'o que est\u00e1 acontecendo na natureza e na paisagem?' e quer\u00edamos reunir dados que possam ser um ponto de partida para identificar os desafios ambientais no vale do D\u00e3o. As observa\u00e7\u00f5es foram apresentadas no <a href=\"http:\/\/caminhododao.org\/index.php\/2019\/08\/01\/micro-forum-do-rio-dao-viseu-06-07-2019\/\">Micro Forum do Rio D\u00e3o<\/a>, em um programa com palestrantes que apresentaram o vale do D\u00e3o sob v\u00e1rias perspectivas.<\/p>\n<p>O objetivo de integrar esse tipo de informa\u00e7\u00e3o no projeto do Caminho do D\u00e3o \u00e9 para que um dia essa trilha possa desempenhar um papel valioso na valoriza\u00e7\u00e3o e conserva\u00e7\u00e3o do ecossistema do rio e vale ao seu redor. O Caminho do D\u00e3o, portanto, n\u00e3o foi planejado apenas para facilitar uma agrad\u00e1vel experi\u00eancia de caminhada. Ele tamb\u00e9m quer aumentar a conscientiza\u00e7\u00e3o sobre os desafios ambientais neste vale e envolver indiv\u00edduos e organiza\u00e7\u00f5es para abordar essas quest\u00f5es de v\u00e1rias maneiras.<\/p>\n<p>Observa\u00e7\u00f5es<br \/>\n1. Geografia.<br \/>\n2. O vale do D\u00e3o consiste em duas metades diferentes.<br \/>\n3. Mudan\u00e7as na cor e no cheiro do rio.<br \/>\n4. A qualidade do vale do D\u00e3o como corredor ecol\u00f3gico.<br \/>\n5. Presen\u00e7a humana no vale do D\u00e3o<br \/>\n6. O efeito dos inc\u00eandios de 2017.<br \/>\n7. Instala\u00e7\u00f5es de produ\u00e7\u00e3o industrial de aves e su\u00ednos.<br \/>\n8. Res\u00edduos e materiais n\u00e3o org\u00e2nicos no ambiente.<br \/>\n9. Invasive and non native species start to accumulate below Penalva do Castelo.<\/p>\n<\/div>\n<\/div><\/div><\/div><\/div><div id=\"pg-576-2\"  class=\"panel-grid panel-no-style\" ><div id=\"pgc-576-2-0\"  class=\"panel-grid-cell\" ><div id=\"panel-576-2-0-0\" class=\"so-panel widget widget_sow-image panel-first-child panel-last-child\" data-index=\"1\" ><div\n\t\t\t\n\t\t\tclass=\"so-widget-sow-image so-widget-sow-image-default-8b5b6f678277-576\"\n\t\t\t\n\t\t>\n\n<div class=\"sow-image-container\">\n\t\t<img decoding=\"async\" src=\"https:\/\/caminhododao.org\/wp-content\/uploads\/2019\/07\/Geography.jpg\" width=\"600\" height=\"600\" srcset=\"https:\/\/caminhododao.org\/wp-content\/uploads\/2019\/07\/Geography.jpg 600w, https:\/\/caminhododao.org\/wp-content\/uploads\/2019\/07\/Geography-150x150.jpg 150w, https:\/\/caminhododao.org\/wp-content\/uploads\/2019\/07\/Geography-300x300.jpg 300w, https:\/\/caminhododao.org\/wp-content\/uploads\/2019\/07\/Geography-125x125.jpg 125w\" sizes=\"(max-width: 600px) 100vw, 600px\" title=\"Geography D\u00e3o valley\" alt=\"\" loading=\"lazy\" \t\tclass=\"so-widget-image\"\/>\n\t<\/div>\n\n<\/div><\/div><\/div><div id=\"pgc-576-2-1\"  class=\"panel-grid-cell\" ><div id=\"panel-576-2-1-0\" class=\"so-panel widget widget_sow-editor panel-first-child panel-last-child\" data-index=\"2\" ><div\n\t\t\t\n\t\t\tclass=\"so-widget-sow-editor so-widget-sow-editor-base\"\n\t\t\t\n\t\t><h3 class=\"widget-title\">Geografia do vale do D\u00e3o.<\/h3>\n<div class=\"siteorigin-widget-tinymce textwidget\">\n\t<p>A mudan\u00e7a de altitude e longitude entre a fonte e a foz do rio faz diferen\u00e7a no clima em ambos os lados. Existe uma diferen\u00e7a de altura de 684 mtr entre a fonte e a foz do D\u00e3o e a fonte est\u00e1 localizada 70 km a mais para o interior do que a foz na Barragem de Agiuiera. Quando come\u00e7amos a andar em 29 de abril<sup>th<\/sup> os carvalhos perto da fonte estavam prestes a sair, enquanto o mesmo tipo de carvalho no foz j\u00e1 havia sa\u00eddo completamente.<\/p>\n<\/div>\n<\/div><\/div><\/div><\/div><div id=\"pg-576-3\"  class=\"panel-grid panel-no-style\" ><div id=\"pgc-576-3-0\"  class=\"panel-grid-cell\" ><div id=\"panel-576-3-0-0\" class=\"so-panel widget widget_sow-editor panel-first-child\" data-index=\"3\" ><div\n\t\t\t\n\t\t\tclass=\"so-widget-sow-editor so-widget-sow-editor-base\"\n\t\t\t\n\t\t><h3 class=\"widget-title\">O vale do D\u00e3o consiste em duas metades diferentes.<\/h3>\n<div class=\"siteorigin-widget-tinymce textwidget\">\n\t<p>As duas metades se encontram bem no meio, no km 50 do rio. Essa diferen\u00e7a e divis\u00e3o s\u00e3o devidas a alguns fatores.<\/p>\n<p>1. No meio do vale do D\u00e3op, h\u00e1 um gargalo geol\u00f3gico e artificial da Fagilde &amp; Prime. Aqui o vale \u00e9 muito estreito e com encostas \u00edngremes, o N16 atravessa e o viaduto A25 sobre essa passagem estreita e a Barragem de Fagilde est\u00e1 localizada logo acima a leste dessas estradas. A passagem da flora e fauna \u00e9 muito comprometida aqui por causa das estradas e da barragem.<\/p>\n<\/div>\n<\/div><\/div><div id=\"panel-576-3-0-1\" class=\"so-panel widget widget_sow-image\" data-index=\"4\" ><div\n\t\t\t\n\t\t\tclass=\"so-widget-sow-image so-widget-sow-image-default-8b5b6f678277-576\"\n\t\t\t\n\t\t>\n\n<div class=\"sow-image-container\">\n\t\t<img decoding=\"async\" src=\"https:\/\/caminhododao.org\/wp-content\/uploads\/2019\/07\/BottleneckMap-e1639676303315.jpg\" width=\"1500\" height=\"707\" sizes=\"(max-width: 1500px) 100vw, 1500px\" title=\"Bottleneck Fagilde Map\" alt=\"\" loading=\"lazy\" \t\tclass=\"so-widget-image\"\/>\n\t<\/div>\n\n<\/div><\/div><div id=\"panel-576-3-0-2\" class=\"so-panel widget widget_sow-editor panel-last-child\" data-index=\"5\" ><div\n\t\t\t\n\t\t\tclass=\"so-widget-sow-editor so-widget-sow-editor-base\"\n\t\t\t\n\t\t>\n<div class=\"siteorigin-widget-tinymce textwidget\">\n\t<p>2. A diferen\u00e7a na atividade humana (aldeias, cidades, ind\u00fastria) entre a metade nordeste (menos e a uma dist\u00e2ncia maior) e a metade sudoeste (mais e mais perto do rio)<br \/>\n3. Os danos dos inc\u00eandios de 2017 que queimaram o vale de Santa Comba D\u00e3o at\u00e9 Alcafache e S. J. de Lourosa. (10 km abaixo de Fagilde)<br \/>\n4. O aumento da presen\u00e7a de monoculturas e esp\u00e9cies invasoras e n\u00e3o nativas (Acacia Mimosa e Eucalyptus), que come\u00e7a perto da Barragem de Fagilde.<\/p>\n<p>Na primeira metade, h\u00e1 mais espa\u00e7o para a natureza, incluindo florestas de carvalho e florestas ribeirinhas, e o ataque \u00e0 natureza n\u00e3o foi t\u00e3o intenso, resultando em mais habitat para as esp\u00e9cies. Isso n\u00e3o significa que a segunda metade n\u00e3o seja interessante ou que a natureza se foi. As areas s\u00e3o apenas menores e mais dispersos e, sempre que poss\u00edvel, a natureza est\u00e1 se recuperando.<\/p>\n<\/div>\n<\/div><\/div><\/div><\/div><div id=\"pg-576-4\"  class=\"panel-grid panel-no-style\" ><div id=\"pgc-576-4-0\"  class=\"panel-grid-cell\" ><div id=\"panel-576-4-0-0\" class=\"so-panel widget widget_sow-editor panel-first-child panel-last-child\" data-index=\"6\" ><div\n\t\t\t\n\t\t\tclass=\"so-widget-sow-editor so-widget-sow-editor-base\"\n\t\t\t\n\t\t><h3 class=\"widget-title\">Mudan\u00e7as no cor e cheiro do rio.<\/h3>\n<div class=\"siteorigin-widget-tinymce textwidget\">\n\t<p>Cristalino - da fonte at\u00e9 logo acima de Penalva do Castelo<br \/>\nPrimeiras pequenas manchas de espuma e cheiros n\u00e3o org\u00e2nicos (sab\u00e3o e esgoto) - perto de Campina (P. d. Castelo)<br \/>\nTranspar\u00eancia de cor amarelada \/ ferrugem - por Trancoselos abaixo de Penalva do Castello<br \/>\nTonalidade cinza marrom e menos transparente - come\u00e7ando na Barragem de Fagilde e chegando at\u00e9 o foz.<br \/>\nMuitas manchas de sab\u00e3o entre a boca da Barragem de Fagilde e Fontanheiras<\/p>\n<\/div>\n<\/div><\/div><\/div><\/div><div id=\"pg-576-5\"  class=\"panel-grid panel-no-style\" ><div id=\"pgc-576-5-0\"  class=\"panel-grid-cell\" ><div id=\"panel-576-5-0-0\" class=\"so-panel widget widget_sow-image panel-first-child panel-last-child\" data-index=\"7\" ><div\n\t\t\t\n\t\t\tclass=\"so-widget-sow-image so-widget-sow-image-default-8b5b6f678277-576\"\n\t\t\t\n\t\t>\n\n<div class=\"sow-image-container\">\n\t\t<img decoding=\"async\" src=\"https:\/\/caminhododao.org\/wp-content\/uploads\/2019\/07\/ChristalWaterFeet.jpg\" width=\"3255\" height=\"3070\" srcset=\"https:\/\/caminhododao.org\/wp-content\/uploads\/2019\/07\/ChristalWaterFeet.jpg 3255w, https:\/\/caminhododao.org\/wp-content\/uploads\/2019\/07\/ChristalWaterFeet-300x283.jpg 300w, https:\/\/caminhododao.org\/wp-content\/uploads\/2019\/07\/ChristalWaterFeet-768x724.jpg 768w, https:\/\/caminhododao.org\/wp-content\/uploads\/2019\/07\/ChristalWaterFeet-1024x966.jpg 1024w\" sizes=\"(max-width: 3255px) 100vw, 3255px\" title=\"\u00c1gua de cristal no qm 8\" alt=\"\" loading=\"lazy\" \t\tclass=\"so-widget-image\"\/>\n\t<\/div>\n\n<h3 class=\"widget-title\">\u00c1gua de cristal no qm 8<\/h3><\/div><\/div><\/div><div id=\"pgc-576-5-1\"  class=\"panel-grid-cell\" ><div id=\"panel-576-5-1-0\" class=\"so-panel widget widget_sow-image panel-first-child panel-last-child\" data-index=\"8\" ><div\n\t\t\t\n\t\t\tclass=\"so-widget-sow-image so-widget-sow-image-default-8b5b6f678277-576\"\n\t\t\t\n\t\t>\n\n<div class=\"sow-image-container\">\n\t\t<img decoding=\"async\" src=\"https:\/\/caminhododao.org\/wp-content\/uploads\/2019\/07\/AguaPonteGermil.jpg\" width=\"3006\" height=\"2574\" srcset=\"https:\/\/caminhododao.org\/wp-content\/uploads\/2019\/07\/AguaPonteGermil.jpg 3006w, https:\/\/caminhododao.org\/wp-content\/uploads\/2019\/07\/AguaPonteGermil-300x257.jpg 300w, https:\/\/caminhododao.org\/wp-content\/uploads\/2019\/07\/AguaPonteGermil-768x658.jpg 768w, https:\/\/caminhododao.org\/wp-content\/uploads\/2019\/07\/AguaPonteGermil-1024x877.jpg 1024w\" sizes=\"(max-width: 3006px) 100vw, 3006px\" title=\"Cor enferrujada e espuma no qm # 35\" alt=\"\" loading=\"lazy\" \t\tclass=\"so-widget-image\"\/>\n\t<\/div>\n\n<h3 class=\"widget-title\">Cor enferrujada e espuma no qm # 35<\/h3><\/div><\/div><\/div><\/div><div id=\"pg-576-6\"  class=\"panel-grid panel-no-style\" ><div id=\"pgc-576-6-0\"  class=\"panel-grid-cell\" ><div id=\"panel-576-6-0-0\" class=\"so-panel widget widget_sow-editor panel-first-child panel-last-child\" data-index=\"9\" ><div\n\t\t\t\n\t\t\tclass=\"so-widget-sow-editor so-widget-sow-editor-base\"\n\t\t\t\n\t\t><h3 class=\"widget-title\">A qualidade do vale do D\u00e3o como corredor ecol\u00f3gico.<\/h3>\n<div class=\"siteorigin-widget-tinymce textwidget\">\n\t<p>Como a maior parte do norte de Portugal, o vale do D\u00e3o \u00e9 constitu\u00eddo por uma paisagem diversificada, com uma mistura de lotes (uso do solo) para pastagem, florestas end\u00eamicas de carvalho, florestas plantadas (principalmente pinheiros e eucaliptos), areas de Acacia Mimosa, terras arbustosos onde as \u00e1rvores n\u00e3o conseguiram voltar ap\u00f3s inc\u00eandios, superf\u00edcies de granito, vinhas e outros tipos de agricultura. Na mistura de todos esses diferentes tipos de uso da terra, observamos especificamente a qualidade do vale do D\u00e3o como um corredor ecol\u00f3gico.<\/p>\n<\/div>\n<\/div><\/div><\/div><\/div><div id=\"pg-576-7\"  class=\"panel-grid panel-no-style\" ><div id=\"pgc-576-7-0\"  class=\"panel-grid-cell\" ><div id=\"panel-576-7-0-0\" class=\"so-panel widget widget_sow-image panel-first-child panel-last-child\" data-index=\"10\" ><div\n\t\t\t\n\t\t\tclass=\"so-widget-sow-image so-widget-sow-image-default-8b5b6f678277-576\"\n\t\t\t\n\t\t>\n\n<div class=\"sow-image-container\">\n\t\t<img decoding=\"async\" src=\"https:\/\/caminhododao.org\/wp-content\/uploads\/2019\/05\/Photo-29-04-2019-12-12-04-e1631289905123.jpg\" width=\"1500\" height=\"1125\" sizes=\"(max-width: 1500px) 100vw, 1500px\" title=\"Ribbon of trees along the D\u00e3o\" alt=\"\" loading=\"lazy\" \t\tclass=\"so-widget-image\"\/>\n\t<\/div>\n\n<h3 class=\"widget-title\">Ribbon of trees along the D\u00e3o<\/h3><\/div><\/div><\/div><div id=\"pgc-576-7-1\"  class=\"panel-grid-cell\" ><div id=\"panel-576-7-1-0\" class=\"so-panel widget widget_sow-image panel-first-child panel-last-child\" data-index=\"11\" ><div\n\t\t\t\n\t\t\tclass=\"so-widget-sow-image so-widget-sow-image-default-8b5b6f678277-576\"\n\t\t\t\n\t\t>\n\n<div class=\"sow-image-container\">\n\t\t<img decoding=\"async\" src=\"https:\/\/caminhododao.org\/wp-content\/uploads\/2019\/05\/20190430_152444.jpg\" width=\"4032\" height=\"3024\" srcset=\"https:\/\/caminhododao.org\/wp-content\/uploads\/2019\/05\/20190430_152444.jpg 4032w, https:\/\/caminhododao.org\/wp-content\/uploads\/2019\/05\/20190430_152444-300x225.jpg 300w, https:\/\/caminhododao.org\/wp-content\/uploads\/2019\/05\/20190430_152444-768x576.jpg 768w, https:\/\/caminhododao.org\/wp-content\/uploads\/2019\/05\/20190430_152444-1024x768.jpg 1024w\" sizes=\"(max-width: 4032px) 100vw, 4032px\" title=\"D\u00e3o at Ponte Dum\" alt=\"\" loading=\"lazy\" \t\tclass=\"so-widget-image\"\/>\n\t<\/div>\n\n<h3 class=\"widget-title\">D\u00e3o at Ponte Dum<\/h3><\/div><\/div><\/div><\/div><div id=\"pg-576-8\"  class=\"panel-grid panel-no-style\" ><div id=\"pgc-576-8-0\"  class=\"panel-grid-cell\" ><div id=\"panel-576-8-0-0\" class=\"so-panel widget widget_sow-editor panel-first-child panel-last-child\" data-index=\"12\" ><div\n\t\t\t\n\t\t\tclass=\"so-widget-sow-editor so-widget-sow-editor-base\"\n\t\t\t\n\t\t>\n<div class=\"siteorigin-widget-tinymce textwidget\">\n\t<p><strong>O que \u00e9 notav\u00e9l:<\/strong><\/p>\n<p>Como foi mencionado antes, o corredor ecol\u00f3gico \u00e9 <strong>n\u00e3o obstru\u00eddo por nenhuma cidade ou aldeia<\/strong>. E a maioria das aldeias e cidades est\u00e3o localizadas nas encostas das colinas e a pelo menos algumas centenas de metros do rio. O que, para um rio com 100 km de comprimento, pode ser bastante t\u00edpico.<\/p>\n<p>Com base no que vimos, o rio tem<strong> uma linha de \u00e1rvores ao longo da maior parte do seu curso<\/strong> , principalmente Amieiros, Freixos e Mimosas, o que significa que as \u00e1guas podem permanecer relativamente frescas e h\u00e1 alguma prote\u00e7\u00e3o para os animais se moverem ao longo da galeria rip\u00edcula.<\/p>\n<p>Ao longo do vale existem muitas muitas carvalhais <strong>many many oak forests<\/strong>, especialmente nos vales laterais das ribeiras que alimentam o D\u00e3o. Tamb\u00e9m nos 40% do vale do D\u00e3o que queimaram nos dias fatais de 15 e 16 de outubro de 2017, as florestas de carvalhos sobreviveram ou est\u00e3o agora a caminho de seu restabelecimento. O contraste entre os remanescentes de carvalhos e os pinhais queimados circundantes, mimosa e eucalipto \u00e9 grande. Os inc\u00eandios simplesmente n\u00e3o podiam atravessar essas florestas mais frias e \u00famidas.<\/p>\n<p>O fato de haver muitas florestas de carvalho significa que <strong>esp\u00e9cies autoctonas t\u00eam habitat<\/strong>. It would be worthwhile to map these valuable habitat areas, measure their size and do research into how much wildlife and biodiversity is supported. What would be even more worthwhile is to protect these areas and develop a project in support of the ecological corridor of the D\u00e3o valley. The INCF identifies river valleys as Ecological Corridors but that does not seem to have any influence on what is allowed in the D\u00e3o valley as I have seen many eucalyptus plantations right down to the river. So it is up to anyone who wants to dedicate themselves to this task and\u00a0 get the right people and institutions together to make this happen. It is part of the core mission for the<strong> Caminho do D\u00e3o para contribuir com a prote\u00e7\u00e3o do Corredor Ecol\u00f3gico<\/strong> do vale do D\u00e3o.<\/p>\n<p>&nbsp;<\/p>\n<\/div>\n<\/div><\/div><\/div><\/div><div id=\"pg-576-9\"  class=\"panel-grid panel-no-style\" ><div id=\"pgc-576-9-0\"  class=\"panel-grid-cell\" ><div id=\"panel-576-9-0-0\" class=\"so-panel widget widget_sow-image panel-first-child panel-last-child\" data-index=\"13\" ><div\n\t\t\t\n\t\t\tclass=\"so-widget-sow-image so-widget-sow-image-default-8b5b6f678277-576\"\n\t\t\t\n\t\t>\n\n<div class=\"sow-image-container\">\n\t\t<img decoding=\"async\" src=\"https:\/\/caminhododao.org\/wp-content\/uploads\/2019\/07\/MixedWoodlandsBelow-Penalva.jpg\" width=\"1500\" height=\"1330\" srcset=\"https:\/\/caminhododao.org\/wp-content\/uploads\/2019\/07\/MixedWoodlandsBelow-Penalva.jpg 1500w, https:\/\/caminhododao.org\/wp-content\/uploads\/2019\/07\/MixedWoodlandsBelow-Penalva-300x266.jpg 300w, https:\/\/caminhododao.org\/wp-content\/uploads\/2019\/07\/MixedWoodlandsBelow-Penalva-768x681.jpg 768w, https:\/\/caminhododao.org\/wp-content\/uploads\/2019\/07\/MixedWoodlandsBelow-Penalva-1024x908.jpg 1024w\" sizes=\"(max-width: 1500px) 100vw, 1500px\" title=\"Uma mistura de matas perto de Penalva do Castelo.\" alt=\"\" loading=\"lazy\" \t\tclass=\"so-widget-image\"\/>\n\t<\/div>\n\n<h3 class=\"widget-title\">Uma mistura de matas perto de Penalva do Castelo.<\/h3><\/div><\/div><\/div><div id=\"pgc-576-9-1\"  class=\"panel-grid-cell\" ><div id=\"panel-576-9-1-0\" class=\"so-panel widget widget_sow-image panel-first-child panel-last-child\" data-index=\"14\" ><div\n\t\t\t\n\t\t\tclass=\"so-widget-sow-image so-widget-sow-image-default-8b5b6f678277-576\"\n\t\t\t\n\t\t>\n\n<div class=\"sow-image-container\">\n\t\t<img decoding=\"async\" src=\"https:\/\/caminhododao.org\/wp-content\/uploads\/2019\/07\/PioDa\u0303oCarvalhal.jpg\" width=\"1553\" height=\"1481\" srcset=\"https:\/\/caminhododao.org\/wp-content\/uploads\/2019\/07\/PioDa\u0303oCarvalhal.jpg 1553w, https:\/\/caminhododao.org\/wp-content\/uploads\/2019\/07\/PioDa\u0303oCarvalhal-300x286.jpg 300w, https:\/\/caminhododao.org\/wp-content\/uploads\/2019\/07\/PioDa\u0303oCarvalhal-768x732.jpg 768w, https:\/\/caminhododao.org\/wp-content\/uploads\/2019\/07\/PioDa\u0303oCarvalhal-1024x977.jpg 1024w\" sizes=\"(max-width: 1553px) 100vw, 1553px\" title=\"As carvalhais ao lado de Povoa D\u00e3o sobreviveram.\" alt=\"\" loading=\"lazy\" \t\tclass=\"so-widget-image\"\/>\n\t<\/div>\n\n<h3 class=\"widget-title\">As carvalhais ao lado de Povoa D\u00e3o sobreviveram.<\/h3><\/div><\/div><\/div><\/div><div id=\"pg-576-10\"  class=\"panel-grid panel-no-style\" ><div id=\"pgc-576-10-0\"  class=\"panel-grid-cell\" ><div id=\"panel-576-10-0-0\" class=\"so-panel widget widget_sow-editor panel-first-child panel-last-child\" data-index=\"15\" ><div\n\t\t\t\n\t\t\tclass=\"so-widget-sow-editor so-widget-sow-editor-base\"\n\t\t\t\n\t\t><h3 class=\"widget-title\">A presenca humana no vale do D\u00e3o ~ <\/h3>\n<div class=\"siteorigin-widget-tinymce textwidget\">\n\t<p>O rio D\u00e3o n\u00e3o flui atrav\u00e9s do cora\u00e7\u00e3o de nenhuma cidade ou aldeia. Os \u00fanicos dois assentamentos por onde passa, com pr\u00e9dios diretamente no rio de ambos os lados, s\u00e3o Termas de Alcafache e Caldas de Sangemil. De todas as cidades e aldeias do D\u00e3o, Santa Comba D\u00e3o tem a conex\u00e3o mais geogr\u00e1fica e de infraestrutura com o D\u00e3o. Outras aldeias constru\u00eddas perto do rio est\u00e3o posicionadas um pouco longe do rio e n\u00e3o parecem conectadas. Essa dist\u00e2ncia entre o local onde as pessoas moram e o local onde o rio flui deve afetar a maneira como as pessoas se relacionam com o D\u00e3o ...... algo para se pensar. <em>\"Aquele rio l\u00e1 em baixo\". O mist\u00e9rio do vale do D\u00e3o.<\/em><\/p>\n<p>&nbsp;<\/p>\n<\/div>\n<\/div><\/div><\/div><\/div><div id=\"pg-576-11\"  class=\"panel-grid panel-no-style\" ><div id=\"pgc-576-11-0\"  class=\"panel-grid-cell panel-grid-cell-mobile-last\" ><div id=\"panel-576-11-0-0\" class=\"so-panel widget widget_sow-image panel-first-child panel-last-child\" data-index=\"16\" ><div\n\t\t\t\n\t\t\tclass=\"so-widget-sow-image so-widget-sow-image-default-8b5b6f678277-576\"\n\t\t\t\n\t\t>\n\n<div class=\"sow-image-container\">\n\t\t<img decoding=\"async\" src=\"https:\/\/caminhododao.org\/wp-content\/uploads\/2019\/07\/Alcafache.jpg\" width=\"2000\" height=\"2667\" srcset=\"https:\/\/caminhododao.org\/wp-content\/uploads\/2019\/07\/Alcafache.jpg 2000w, https:\/\/caminhododao.org\/wp-content\/uploads\/2019\/07\/Alcafache-225x300.jpg 225w, https:\/\/caminhododao.org\/wp-content\/uploads\/2019\/07\/Alcafache-768x1024.jpg 768w\" sizes=\"(max-width: 2000px) 100vw, 2000px\" title=\"Alcafache\" alt=\"\" loading=\"lazy\" \t\tclass=\"so-widget-image\"\/>\n\t<\/div>\n\n<h3 class=\"widget-title\">Alcafache<\/h3><\/div><\/div><\/div><div id=\"pgc-576-11-1\"  class=\"panel-grid-cell panel-grid-cell-empty\" ><\/div><\/div><div id=\"pg-576-12\"  class=\"panel-grid panel-no-style\" ><div id=\"pgc-576-12-0\"  class=\"panel-grid-cell\" ><div id=\"panel-576-12-0-0\" class=\"so-panel widget widget_sow-editor panel-first-child panel-last-child\" data-index=\"17\" ><div\n\t\t\t\n\t\t\tclass=\"so-widget-sow-editor so-widget-sow-editor-base\"\n\t\t\t\n\t\t><h3 class=\"widget-title\">O efeito dos inc\u00eandios de 2017 vis\u00edveis no vale entre Santar (sul) e Silgueiros (norte).<\/h3>\n<div class=\"siteorigin-widget-tinymce textwidget\">\n\t<\/div>\n<\/div><\/div><\/div><\/div><div id=\"pg-576-13\"  class=\"panel-grid panel-no-style\" ><div id=\"pgc-576-13-0\"  class=\"panel-grid-cell\" ><div id=\"panel-576-13-0-0\" class=\"so-panel widget widget_sow-image panel-first-child panel-last-child\" data-index=\"18\" ><div\n\t\t\t\n\t\t\tclass=\"so-widget-sow-image so-widget-sow-image-default-8b5b6f678277-576\"\n\t\t\t\n\t\t>\n\n<div class=\"sow-image-container\">\n\t\t<img decoding=\"async\" src=\"https:\/\/caminhododao.org\/wp-content\/uploads\/2019\/05\/Photo-05-05-2019-15-52-02.jpg\" width=\"1944\" height=\"1944\" srcset=\"https:\/\/caminhododao.org\/wp-content\/uploads\/2019\/05\/Photo-05-05-2019-15-52-02.jpg 1944w, https:\/\/caminhododao.org\/wp-content\/uploads\/2019\/05\/Photo-05-05-2019-15-52-02-150x150.jpg 150w, https:\/\/caminhododao.org\/wp-content\/uploads\/2019\/05\/Photo-05-05-2019-15-52-02-300x300.jpg 300w, https:\/\/caminhododao.org\/wp-content\/uploads\/2019\/05\/Photo-05-05-2019-15-52-02-768x768.jpg 768w, https:\/\/caminhododao.org\/wp-content\/uploads\/2019\/05\/Photo-05-05-2019-15-52-02-1024x1024.jpg 1024w, https:\/\/caminhododao.org\/wp-content\/uploads\/2019\/05\/Photo-05-05-2019-15-52-02-600x600.jpg 600w, https:\/\/caminhododao.org\/wp-content\/uploads\/2019\/05\/Photo-05-05-2019-15-52-02-125x125.jpg 125w\" sizes=\"(max-width: 1944px) 100vw, 1944px\" title=\"Photo 05-05-2019, 15 52 02\" alt=\"\" loading=\"lazy\" \t\tclass=\"so-widget-image\"\/>\n\t<\/div>\n\n<\/div><\/div><\/div><div id=\"pgc-576-13-1\"  class=\"panel-grid-cell\" ><div id=\"panel-576-13-1-0\" class=\"so-panel widget widget_sow-image panel-first-child panel-last-child\" data-index=\"19\" ><div\n\t\t\t\n\t\t\tclass=\"so-widget-sow-image so-widget-sow-image-default-8b5b6f678277-576\"\n\t\t\t\n\t\t>\n\n<div class=\"sow-image-container\">\n\t\t<img decoding=\"async\" src=\"https:\/\/caminhododao.org\/wp-content\/uploads\/2019\/05\/Photo-05-05-2019-14-19-05.jpg\" width=\"1831\" height=\"1830\" srcset=\"https:\/\/caminhododao.org\/wp-content\/uploads\/2019\/05\/Photo-05-05-2019-14-19-05.jpg 1831w, https:\/\/caminhododao.org\/wp-content\/uploads\/2019\/05\/Photo-05-05-2019-14-19-05-150x150.jpg 150w, https:\/\/caminhododao.org\/wp-content\/uploads\/2019\/05\/Photo-05-05-2019-14-19-05-300x300.jpg 300w, https:\/\/caminhododao.org\/wp-content\/uploads\/2019\/05\/Photo-05-05-2019-14-19-05-768x768.jpg 768w, https:\/\/caminhododao.org\/wp-content\/uploads\/2019\/05\/Photo-05-05-2019-14-19-05-1024x1024.jpg 1024w, https:\/\/caminhododao.org\/wp-content\/uploads\/2019\/05\/Photo-05-05-2019-14-19-05-600x600.jpg 600w, https:\/\/caminhododao.org\/wp-content\/uploads\/2019\/05\/Photo-05-05-2019-14-19-05-125x125.jpg 125w\" sizes=\"(max-width: 1831px) 100vw, 1831px\" title=\"D\u00e3o valley below Silgueiros (Viseu)\" alt=\"\" loading=\"lazy\" \t\tclass=\"so-widget-image\"\/>\n\t<\/div>\n\n<\/div><\/div><\/div><\/div><div id=\"pg-576-14\"  class=\"panel-grid panel-no-style\" ><div id=\"pgc-576-14-0\"  class=\"panel-grid-cell\" ><div id=\"panel-576-14-0-0\" class=\"so-panel widget widget_sow-editor panel-first-child panel-last-child\" data-index=\"20\" ><div\n\t\t\t\n\t\t\tclass=\"so-widget-sow-editor so-widget-sow-editor-base\"\n\t\t\t\n\t\t><h3 class=\"widget-title\">Muitas fazendas industriais (aves e su\u00ednos) na primeira metade do vale do D\u00e3o. <\/h3>\n<div class=\"siteorigin-widget-tinymce textwidget\">\n\t<\/div>\n<\/div><\/div><\/div><\/div><div id=\"pg-576-15\"  class=\"panel-grid panel-no-style\" ><div id=\"pgc-576-15-0\"  class=\"panel-grid-cell\" ><div id=\"panel-576-15-0-0\" class=\"so-panel widget widget_sow-image panel-first-child panel-last-child\" data-index=\"21\" ><div\n\t\t\t\n\t\t\tclass=\"so-widget-sow-image so-widget-sow-image-default-8b5b6f678277-576\"\n\t\t\t\n\t\t>\n\n<div class=\"sow-image-container\">\n\t\t<img decoding=\"async\" src=\"https:\/\/caminhododao.org\/wp-content\/uploads\/2019\/07\/IndustryFarming1.jpg\" width=\"2000\" height=\"1500\" srcset=\"https:\/\/caminhododao.org\/wp-content\/uploads\/2019\/07\/IndustryFarming1.jpg 2000w, https:\/\/caminhododao.org\/wp-content\/uploads\/2019\/07\/IndustryFarming1-300x225.jpg 300w, https:\/\/caminhododao.org\/wp-content\/uploads\/2019\/07\/IndustryFarming1-768x576.jpg 768w, https:\/\/caminhododao.org\/wp-content\/uploads\/2019\/07\/IndustryFarming1-1024x768.jpg 1024w\" sizes=\"(max-width: 2000px) 100vw, 2000px\" alt=\"\" loading=\"lazy\" \t\tclass=\"so-widget-image\"\/>\n\t<\/div>\n\n<h3 class=\"widget-title\"><\/h3><\/div><\/div><\/div><div id=\"pgc-576-15-1\"  class=\"panel-grid-cell\" ><div id=\"panel-576-15-1-0\" class=\"so-panel widget widget_sow-image panel-first-child panel-last-child\" data-index=\"22\" ><div\n\t\t\t\n\t\t\tclass=\"so-widget-sow-image so-widget-sow-image-default-8b5b6f678277-576\"\n\t\t\t\n\t\t>\n\n<div class=\"sow-image-container\">\n\t\t<img decoding=\"async\" src=\"https:\/\/caminhododao.org\/wp-content\/uploads\/2019\/07\/FactoryFarming2.jpg\" width=\"2000\" height=\"1500\" srcset=\"https:\/\/caminhododao.org\/wp-content\/uploads\/2019\/07\/FactoryFarming2.jpg 2000w, https:\/\/caminhododao.org\/wp-content\/uploads\/2019\/07\/FactoryFarming2-300x225.jpg 300w, https:\/\/caminhododao.org\/wp-content\/uploads\/2019\/07\/FactoryFarming2-768x576.jpg 768w, https:\/\/caminhododao.org\/wp-content\/uploads\/2019\/07\/FactoryFarming2-1024x768.jpg 1024w\" sizes=\"(max-width: 2000px) 100vw, 2000px\" alt=\"\" loading=\"lazy\" \t\tclass=\"so-widget-image\"\/>\n\t<\/div>\n\n<h3 class=\"widget-title\"><\/h3><\/div><\/div><\/div><\/div><div id=\"pg-576-16\"  class=\"panel-grid panel-no-style\" ><div id=\"pgc-576-16-0\"  class=\"panel-grid-cell\" ><div id=\"panel-576-16-0-0\" class=\"so-panel widget widget_sow-editor panel-first-child panel-last-child\" data-index=\"23\" ><div\n\t\t\t\n\t\t\tclass=\"so-widget-sow-editor so-widget-sow-editor-base\"\n\t\t\t\n\t\t><h3 class=\"widget-title\">Res\u00edduos e materiais n\u00e3o org\u00e2nicos no vale do D\u00e3o.<\/h3>\n<div class=\"siteorigin-widget-tinymce textwidget\">\n\t<p>Quanto mais pr\u00f3ximos nossos caminhos pelo vale do D\u00e3o estiverem das aldeias, mais eles ficar\u00e3o cheios de detritos de constru\u00e7\u00e3o com azulejos, concreto, pedras de constru\u00e7\u00e3o etc., incluindo muitos pl\u00e1sticos e outros materiais n\u00e3o org\u00e2nicos. Com o sol e a chuva, os pl\u00e1sticos se deterioram e desaguam no D\u00e3o.<\/p>\n<p>Em todos os lugares que vamos fitas de pl\u00e1stico, usadas para marcar eventos de ciclismo e caminhadas, s\u00e3o deixadas penduradas em \u00e1rvores e arbustos. EM TODA PARTE<\/p>\n<p>Perto de terras agr\u00edcolas, sempre vemos muitos pl\u00e1sticos agr\u00edcolas descartados e deteriorados.<\/p>\n<\/div>\n<\/div><\/div><\/div><\/div><div id=\"pg-576-17\"  class=\"panel-grid panel-no-style\" ><div id=\"pgc-576-17-0\"  class=\"panel-grid-cell\" ><div id=\"panel-576-17-0-0\" class=\"so-panel widget widget_sow-editor panel-first-child\" data-index=\"24\" ><div\n\t\t\t\n\t\t\tclass=\"so-widget-sow-editor so-widget-sow-editor-base\"\n\t\t\t\n\t\t><h3 class=\"widget-title\">Ac\u00famulo de esp\u00e9cies invasoras e n\u00e3o nativas a partir de Penalva do Castelo.<\/h3>\n<div class=\"siteorigin-widget-tinymce textwidget\">\n\t<p>To be described further .....<\/p>\n<\/div>\n<\/div><\/div><div id=\"panel-576-17-0-1\" class=\"so-panel widget widget_sow-image\" data-index=\"25\" ><div\n\t\t\t\n\t\t\tclass=\"so-widget-sow-image so-widget-sow-image-default-8b5b6f678277-576\"\n\t\t\t\n\t\t>\n\n<div class=\"sow-image-container\">\n\t\t<img decoding=\"async\" src=\"https:\/\/caminhododao.org\/wp-content\/uploads\/2021\/12\/6-footsteps-green-background.jpg\" width=\"2000\" height=\"150\" srcset=\"https:\/\/caminhododao.org\/wp-content\/uploads\/2021\/12\/6-footsteps-green-background.jpg 2000w, https:\/\/caminhododao.org\/wp-content\/uploads\/2021\/12\/6-footsteps-green-background-300x23.jpg 300w, https:\/\/caminhododao.org\/wp-content\/uploads\/2021\/12\/6-footsteps-green-background-1024x77.jpg 1024w, https:\/\/caminhododao.org\/wp-content\/uploads\/2021\/12\/6-footsteps-green-background-768x58.jpg 768w, https:\/\/caminhododao.org\/wp-content\/uploads\/2021\/12\/6-footsteps-green-background-1536x115.jpg 1536w, https:\/\/caminhododao.org\/wp-content\/uploads\/2021\/12\/6-footsteps-green-background-18x1.jpg 18w\" sizes=\"(max-width: 2000px) 100vw, 2000px\" title=\"6 footsteps green background\" alt=\"\" loading=\"lazy\" \t\tclass=\"so-widget-image\"\/>\n\t<\/div>\n\n<\/div><\/div><div id=\"panel-576-17-0-2\" class=\"so-panel widget widget_sow-editor panel-last-child\" data-index=\"26\" ><div\n\t\t\t\n\t\t\tclass=\"so-widget-sow-editor so-widget-sow-editor-base\"\n\t\t\t\n\t\t>\n<div class=\"siteorigin-widget-tinymce textwidget\">\n\t<\/div>\n<\/div><\/div><\/div><\/div><\/div>","protected":false},"excerpt":{"rendered":"<p>When we walked the Caminho for the first time it was to get to know this valley better and to share our observations and experience&hellip;<\/p>","protected":false},"author":2,"featured_media":0,"comment_status":"closed","ping_status":"closed","sticky":false,"template":"","format":"standard","meta":{"_monsterinsights_skip_tracking":false,"_monsterinsights_sitenote_active":false,"_monsterinsights_sitenote_note":"","_monsterinsights_sitenote_category":0,"footnotes":""},"categories":[1],"tags":[],"_links":{"self":[{"href":"https:\/\/caminhododao.org\/pt\/wp-json\/wp\/v2\/posts\/576"}],"collection":[{"href":"https:\/\/caminhododao.org\/pt\/wp-json\/wp\/v2\/posts"}],"about":[{"href":"https:\/\/caminhododao.org\/pt\/wp-json\/wp\/v2\/types\/post"}],"author":[{"embeddable":true,"href":"https:\/\/caminhododao.org\/pt\/wp-json\/wp\/v2\/users\/2"}],"replies":[{"embeddable":true,"href":"https:\/\/caminhododao.org\/pt\/wp-json\/wp\/v2\/comments?post=576"}],"version-history":[{"count":102,"href":"https:\/\/caminhododao.org\/pt\/wp-json\/wp\/v2\/posts\/576\/revisions"}],"predecessor-version":[{"id":3234,"href":"https:\/\/caminhododao.org\/pt\/wp-json\/wp\/v2\/posts\/576\/revisions\/3234"}],"wp:attachment":[{"href":"https:\/\/caminhododao.org\/pt\/wp-json\/wp\/v2\/media?parent=576"}],"wp:term":[{"taxonomy":"category","embeddable":true,"href":"https:\/\/caminhododao.org\/pt\/wp-json\/wp\/v2\/categories?post=576"},{"taxonomy":"post_tag","embeddable":true,"href":"https:\/\/caminhododao.org\/pt\/wp-json\/wp\/v2\/tags?post=576"}],"curies":[{"name":"wp","href":"https:\/\/api.w.org\/{rel}","templated":true}]}}