{"id":919,"date":"2019-09-20T11:29:12","date_gmt":"2019-09-20T11:29:12","guid":{"rendered":"http:\/\/caminhododao.org\/?p=919"},"modified":"2019-09-20T11:29:12","modified_gmt":"2019-09-20T11:29:12","slug":"o-caminho-do-dao-autumn-2019-walking-with-friends-and-colleagues","status":"publish","type":"post","link":"https:\/\/caminhododao.org\/pt\/2019\/o-caminho-do-dao-autumn-2019-walking-with-friends-and-colleagues\/","title":{"rendered":"~ O Caminho do D\u00e3o outono de 2019 ~ Caminhando com amigos e colegas ~"},"content":{"rendered":"<div id=\"pl-919\"  class=\"panel-layout\" ><div id=\"pg-919-0\"  class=\"panel-grid panel-no-style\" ><div id=\"pgc-919-0-0\"  class=\"panel-grid-cell panel-grid-cell-empty panel-grid-cell-mobile-last\" ><\/div><div id=\"pgc-919-0-1\"  class=\"panel-grid-cell panel-grid-cell-empty\" ><\/div><\/div><div id=\"pg-919-1\"  class=\"panel-grid panel-no-style\" ><div id=\"pgc-919-1-0\"  class=\"panel-grid-cell\" ><div id=\"panel-919-1-0-0\" class=\"so-panel widget widget_sow-image panel-first-child\" data-index=\"0\" ><div\n\t\t\t\n\t\t\tclass=\"so-widget-sow-image so-widget-sow-image-default-8b5b6f678277-919\"\n\t\t\t\n\t\t>\n\n<div class=\"sow-image-container\">\n\t\t<img decoding=\"async\" src=\"https:\/\/caminhododao.org\/wp-content\/uploads\/2019\/05\/Photo-29-04-2019-12-51-29-e1631289871549.jpg\" width=\"1500\" height=\"1125\" sizes=\"(max-width: 1500px) 100vw, 1500px\" title=\"Where the valley widens after 1st descent\" alt=\"Ponte Dum near Campina\" loading=\"lazy\" \t\tclass=\"so-widget-image\"\/>\n\t<\/div>\n\n<\/div><\/div><div id=\"panel-919-1-0-1\" class=\"so-panel widget widget_sow-image\" data-index=\"1\" ><div\n\t\t\t\n\t\t\tclass=\"so-widget-sow-image so-widget-sow-image-default-8b5b6f678277-919\"\n\t\t\t\n\t\t>\n\n<div class=\"sow-image-container\">\n\t\t<img decoding=\"async\" src=\"https:\/\/caminhododao.org\/wp-content\/uploads\/2019\/05\/Photo-02-05-2019-19-33-57-1.jpg\" width=\"903\" height=\"903\" srcset=\"https:\/\/caminhododao.org\/wp-content\/uploads\/2019\/05\/Photo-02-05-2019-19-33-57-1.jpg 903w, https:\/\/caminhododao.org\/wp-content\/uploads\/2019\/05\/Photo-02-05-2019-19-33-57-1-150x150.jpg 150w, https:\/\/caminhododao.org\/wp-content\/uploads\/2019\/05\/Photo-02-05-2019-19-33-57-1-300x300.jpg 300w, https:\/\/caminhododao.org\/wp-content\/uploads\/2019\/05\/Photo-02-05-2019-19-33-57-1-768x768.jpg 768w, https:\/\/caminhododao.org\/wp-content\/uploads\/2019\/05\/Photo-02-05-2019-19-33-57-1-600x600.jpg 600w, https:\/\/caminhododao.org\/wp-content\/uploads\/2019\/05\/Photo-02-05-2019-19-33-57-1-125x125.jpg 125w\" sizes=\"(max-width: 903px) 100vw, 903px\" title=\"On the way to Darei on the lake of Fagilde\" alt=\"Ponte Dum near Campina\" loading=\"lazy\" \t\tclass=\"so-widget-image\"\/>\n\t<\/div>\n\n<\/div><\/div><div id=\"panel-919-1-0-2\" class=\"so-panel widget widget_sow-image panel-last-child\" data-index=\"2\" ><div\n\t\t\t\n\t\t\tclass=\"so-widget-sow-image so-widget-sow-image-default-8b5b6f678277-919\"\n\t\t\t\n\t\t>\n\n<div class=\"sow-image-container\">\n\t\t<img decoding=\"async\" src=\"https:\/\/caminhododao.org\/wp-content\/uploads\/2019\/07\/Da\u0303oAlcafach-path.jpg\" width=\"2000\" height=\"1500\" srcset=\"https:\/\/caminhododao.org\/wp-content\/uploads\/2019\/07\/Da\u0303oAlcafach-path.jpg 2000w, https:\/\/caminhododao.org\/wp-content\/uploads\/2019\/07\/Da\u0303oAlcafach-path-300x225.jpg 300w, https:\/\/caminhododao.org\/wp-content\/uploads\/2019\/07\/Da\u0303oAlcafach-path-768x576.jpg 768w, https:\/\/caminhododao.org\/wp-content\/uploads\/2019\/07\/Da\u0303oAlcafach-path-1024x768.jpg 1024w\" sizes=\"(max-width: 2000px) 100vw, 2000px\" title=\"Da\u0303oAlcafach path\" alt=\"Ponte Dum near Campina\" loading=\"lazy\" \t\tclass=\"so-widget-image\"\/>\n\t<\/div>\n\n<\/div><\/div><\/div><div id=\"pgc-919-1-1\"  class=\"panel-grid-cell\" ><div id=\"panel-919-1-1-0\" class=\"so-panel widget widget_sow-editor panel-first-child panel-last-child\" data-index=\"3\" ><div\n\t\t\t\n\t\t\tclass=\"so-widget-sow-editor so-widget-sow-editor-base\"\n\t\t\t\n\t\t><h3 class=\"widget-title\">Junte-se \u00e0 segunda explora\u00e7\u00e3o do Caminho do D\u00e3o. <\/h3>\n<div class=\"siteorigin-widget-tinymce textwidget\">\n\t<p><strong>Caminhe por um dia, alguns dias ou uma semana inteira!\nEntre dia 7 e dia 13 de outubro. <\/strong><\/p>\n<p>Com o objetivo de desenvolver ainda mais o Caminho do D\u00e3o, estou planejando uma semana neste outono para percorrer a trilha novamente, possivelmente fazer algumas mudan\u00e7as na rota e contemplar o projeto enquanto caminha. Estou convidando pessoas da minha rede e amigos de amigos que est\u00e3o interessados no vale do D\u00e3o a se juntarem a essa explora\u00e7\u00e3o adicional do vale e a esta rota a p\u00e9. O outono \u00e9 um momento especial para caminhar; quando as temperaturas s\u00e3o um pouco mais baixas e a natureza \u00e9 em transi\u00e7\u00e3o. Junte-se e caminhe pelo belo vale do D\u00e3o enquanto ele muda para as cores do outono.<\/p>\n<p>A dist\u00e2ncia de caminhada por dia varia entre os 20 e os 25 quil\u00f3metros e ultrapassa os antigos caminhos rurais com um grau de dificuldade baixo a m\u00e9dio, principalmente no que se refere \u00e0 subida e descida do vale do rio D\u00e3o.<\/p>\n<p>O planejamento dos dias de caminhada entre os dias 7 e 13 de outubro ser\u00e1 muito flex\u00edvel e depender\u00e1 de quem deseja se juntar \u00e0 explora\u00e7\u00e3o e das prioridades em explorar ainda mais o Caminho em algumas rotas alternativas nas diferentes partes da trilha. Os co-exploradores podem decidir se querem viajar entre casa e o Caminho ou se querem uma noite (poss\u00edvel) em caso de caminhar v\u00e1rios dias. 5 dias de caminhada podem ser planejados em 7 dias, para que haja flexibilidade e todas as op\u00e7\u00f5es estejam sobre a mesa.<\/p>\n<p>Sff explora este site para uma impress\u00e3o do Caminho do D\u00e3o.<br \/>\nQuest\u00f5es? Ligue para 933956630 ou manda-me um email para info@moinhosdodao.org<\/p>\n<p>&nbsp;<\/p>\n<\/div>\n<\/div><\/div><\/div><\/div><div id=\"pg-919-2\"  class=\"panel-grid panel-no-style\" ><div id=\"pgc-919-2-0\"  class=\"panel-grid-cell\" ><div id=\"panel-919-2-0-0\" class=\"so-panel widget widget_sow-editor panel-first-child panel-last-child\" data-index=\"4\" ><div\n\t\t\t\n\t\t\tclass=\"so-widget-sow-editor so-widget-sow-editor-base\"\n\t\t\t\n\t\t><h3 class=\"widget-title\">Itiner\u00e1rio <\/h3>\n<div class=\"siteorigin-widget-tinymce textwidget\">\n\t<p><strong>dia 1,<\/strong>caminhando de Barranha a Forninhos 23 qm.<br \/>\n<strong>dia 2,<\/strong>, caminhando de Forninhos a Penalva do Castelo 23 qm.<br \/>\n<strong>dia 3,<\/strong>, walking from Penalva do Castelo to Moinhos do D\u00e3o (Mangualde) 22 km<br \/>\n<strong>dia 4,<\/strong>, caminhando de Moinhos do D\u00e3o para Sangemil 25 qm.<br \/>\n<strong>dia 5,<\/strong>, caminhando de Sangemil para Ferreiros do D\u00e3o 13 qm.<br \/>\n<strong>dia 6,<\/strong>, caminhando de Ferreiros do D\u00e3o para Santa Comba D\u00e3o 20 qm.<\/p>\n<\/div>\n<\/div><\/div><\/div><\/div><div id=\"pg-919-3\"  class=\"panel-grid panel-no-style\" ><div id=\"pgc-919-3-0\"  class=\"panel-grid-cell\" ><div id=\"panel-919-3-0-0\" class=\"so-panel widget widget_sow-image panel-first-child panel-last-child\" data-index=\"5\" ><div\n\t\t\t\n\t\t\tclass=\"so-widget-sow-image so-widget-sow-image-default-8b5b6f678277-919\"\n\t\t\t\n\t\t>\n\n<div class=\"sow-image-container\">\n\t\t<img decoding=\"async\" src=\"https:\/\/caminhododao.org\/wp-content\/uploads\/2019\/05\/Photo-29-04-2019-11-42-38-e1631289923164.jpg\" width=\"1500\" height=\"1125\" sizes=\"(max-width: 1500px) 100vw, 1500px\" title=\"Caminho do D\u00e3o 2019 First descend\" alt=\"Sign in Sezures\" loading=\"lazy\" \t\tclass=\"so-widget-image\"\/>\n\t<\/div>\n\n<\/div><\/div><\/div><div id=\"pgc-919-3-1\"  class=\"panel-grid-cell\" ><div id=\"panel-919-3-1-0\" class=\"so-panel widget widget_sow-image panel-first-child panel-last-child\" data-index=\"6\" ><div\n\t\t\t\n\t\t\tclass=\"so-widget-sow-image so-widget-sow-image-default-8b5b6f678277-919\"\n\t\t\t\n\t\t>\n\n<div class=\"sow-image-container\">\n\t\t<img decoding=\"async\" src=\"https:\/\/caminhododao.org\/wp-content\/uploads\/2019\/05\/08964196-CAAB-41C0-A0BD-B6B8B1AA3211.jpeg\" width=\"4032\" height=\"3024\" srcset=\"https:\/\/caminhododao.org\/wp-content\/uploads\/2019\/05\/08964196-CAAB-41C0-A0BD-B6B8B1AA3211.jpeg 4032w, https:\/\/caminhododao.org\/wp-content\/uploads\/2019\/05\/08964196-CAAB-41C0-A0BD-B6B8B1AA3211-300x225.jpeg 300w, https:\/\/caminhododao.org\/wp-content\/uploads\/2019\/05\/08964196-CAAB-41C0-A0BD-B6B8B1AA3211-768x576.jpeg 768w, https:\/\/caminhododao.org\/wp-content\/uploads\/2019\/05\/08964196-CAAB-41C0-A0BD-B6B8B1AA3211-1024x768.jpeg 1024w\" sizes=\"(max-width: 4032px) 100vw, 4032px\" title=\"Of water and stone\" alt=\"Water plants in the D\u00e3o by Dornelas\" loading=\"lazy\" \t\tclass=\"so-widget-image\"\/>\n\t<\/div>\n\n<\/div><\/div><\/div><\/div><\/div>","protected":false},"excerpt":{"rendered":"<p>Walk for a day, a few days or a whole week! Between October 7 and 13. For the purpose of further developing the Caminho do&hellip;<\/p>","protected":false},"author":2,"featured_media":667,"comment_status":"open","ping_status":"open","sticky":false,"template":"","format":"standard","meta":{"_monsterinsights_skip_tracking":false,"_monsterinsights_sitenote_active":false,"_monsterinsights_sitenote_note":"","_monsterinsights_sitenote_category":0,"footnotes":""},"categories":[26,24],"tags":[],"_links":{"self":[{"href":"https:\/\/caminhododao.org\/pt\/wp-json\/wp\/v2\/posts\/919"}],"collection":[{"href":"https:\/\/caminhododao.org\/pt\/wp-json\/wp\/v2\/posts"}],"about":[{"href":"https:\/\/caminhododao.org\/pt\/wp-json\/wp\/v2\/types\/post"}],"author":[{"embeddable":true,"href":"https:\/\/caminhododao.org\/pt\/wp-json\/wp\/v2\/users\/2"}],"replies":[{"embeddable":true,"href":"https:\/\/caminhododao.org\/pt\/wp-json\/wp\/v2\/comments?post=919"}],"version-history":[{"count":2,"href":"https:\/\/caminhododao.org\/pt\/wp-json\/wp\/v2\/posts\/919\/revisions"}],"predecessor-version":[{"id":922,"href":"https:\/\/caminhododao.org\/pt\/wp-json\/wp\/v2\/posts\/919\/revisions\/922"}],"wp:featuredmedia":[{"embeddable":true,"href":"https:\/\/caminhododao.org\/pt\/wp-json\/wp\/v2\/media\/667"}],"wp:attachment":[{"href":"https:\/\/caminhododao.org\/pt\/wp-json\/wp\/v2\/media?parent=919"}],"wp:term":[{"taxonomy":"category","embeddable":true,"href":"https:\/\/caminhododao.org\/pt\/wp-json\/wp\/v2\/categories?post=919"},{"taxonomy":"post_tag","embeddable":true,"href":"https:\/\/caminhododao.org\/pt\/wp-json\/wp\/v2\/tags?post=919"}],"curies":[{"name":"wp","href":"https:\/\/api.w.org\/{rel}","templated":true}]}}