{"id":992,"date":"2019-08-01T21:11:28","date_gmt":"2019-08-01T21:11:28","guid":{"rendered":"http:\/\/caminhododao.org\/?p=992"},"modified":"2019-11-01T23:40:06","modified_gmt":"2019-11-01T23:40:06","slug":"micro-forum-do-rio-dao-viseu-06-07-2019","status":"publish","type":"post","link":"https:\/\/caminhododao.org\/pt\/2019\/micro-forum-do-rio-dao-viseu-06-07-2019\/","title":{"rendered":"Micro F\u00f3rum do Rio D\u00e3o, Viseu 06-07-2019"},"content":{"rendered":"<div id=\"pl-992\"  class=\"panel-layout\" ><div id=\"pg-992-0\"  class=\"panel-grid panel-no-style\" ><div id=\"pgc-992-0-0\"  class=\"panel-grid-cell\" ><div id=\"panel-992-0-0-0\" class=\"so-panel widget widget_sow-editor panel-first-child panel-last-child\" data-index=\"0\" ><div\n\t\t\t\n\t\t\tclass=\"so-widget-sow-editor so-widget-sow-editor-base\"\n\t\t\t\n\t\t>\n<div class=\"siteorigin-widget-tinymce textwidget\">\n\t<p>O Micro F\u00f3rum do Rio D\u00e3o \u00e9 o resultado de uma paix\u00e3o compartilhada pelo rio D\u00e3o e da necessidade de limp\u00e1-lo e ver atividades mais sustent\u00e1veis no vale.<br \/>\nFoi uma experi\u00eancia valiosa apresentar o Caminho do D\u00e3o neste f\u00f3rum e ver como as pessoas respondem ao projeto e recebem feedback honesto. Ver o projeto ao lado das apresenta\u00e7\u00f5es de um historiador, um bi\u00f3logo, agricultores ecol\u00f3gicos, um cientista da \u00e1gua e um ativista ambiental me mostrou que a forma \/ m\u00e9todo do projeto se conecta a tantas camadas da vida no vale que \u00e9 exatamente o que eu quero realizar. O Micro F\u00f3rum do Rio D\u00e3o gerou uma sensa\u00e7\u00e3o de empoderamento para trabalharmos juntos no cuidado do rio e da vida no vale. Abaixo, pode ver o programa e ler a nota de imprensa enviado ap\u00f3s o evento.<\/p>\n<\/div>\n<\/div><\/div><\/div><\/div><div id=\"pg-992-1\"  class=\"panel-grid panel-no-style\" ><div id=\"pgc-992-1-0\"  class=\"panel-grid-cell\" ><div id=\"panel-992-1-0-0\" class=\"so-panel widget widget_sow-image panel-first-child panel-last-child\" data-index=\"1\" ><div\n\t\t\t\n\t\t\tclass=\"so-widget-sow-image so-widget-sow-image-default-8b5b6f678277-992\"\n\t\t\t\n\t\t>\n\n<div class=\"sow-image-container\">\n\t\t<img decoding=\"async\" src=\"https:\/\/caminhododao.org\/wp-content\/uploads\/2019\/10\/IMG_3648.jpg\" width=\"1458\" height=\"1512\" srcset=\"https:\/\/caminhododao.org\/wp-content\/uploads\/2019\/10\/IMG_3648.jpg 1458w, https:\/\/caminhododao.org\/wp-content\/uploads\/2019\/10\/IMG_3648-289x300.jpg 289w, https:\/\/caminhododao.org\/wp-content\/uploads\/2019\/10\/IMG_3648-768x796.jpg 768w, https:\/\/caminhododao.org\/wp-content\/uploads\/2019\/10\/IMG_3648-987x1024.jpg 987w\" sizes=\"(max-width: 1458px) 100vw, 1458px\" alt=\"Helena Freitas closing the event\" loading=\"lazy\" \t\tclass=\"so-widget-image\"\/>\n\t<\/div>\n\n<h3 class=\"widget-title\"><\/h3><\/div><\/div><\/div><div id=\"pgc-992-1-1\"  class=\"panel-grid-cell\" ><div id=\"panel-992-1-1-0\" class=\"so-panel widget widget_sow-image panel-first-child panel-last-child\" data-index=\"2\" ><div\n\t\t\t\n\t\t\tclass=\"so-widget-sow-image so-widget-sow-image-default-8b5b6f678277-992\"\n\t\t\t\n\t\t>\n\n<div class=\"sow-image-container\">\n\t\t<img decoding=\"async\" src=\"https:\/\/caminhododao.org\/wp-content\/uploads\/2019\/10\/IMG_3626.jpg\" width=\"1326\" height=\"1326\" srcset=\"https:\/\/caminhododao.org\/wp-content\/uploads\/2019\/10\/IMG_3626.jpg 1326w, https:\/\/caminhododao.org\/wp-content\/uploads\/2019\/10\/IMG_3626-150x150.jpg 150w, https:\/\/caminhododao.org\/wp-content\/uploads\/2019\/10\/IMG_3626-300x300.jpg 300w, https:\/\/caminhododao.org\/wp-content\/uploads\/2019\/10\/IMG_3626-768x768.jpg 768w, https:\/\/caminhododao.org\/wp-content\/uploads\/2019\/10\/IMG_3626-1024x1024.jpg 1024w, https:\/\/caminhododao.org\/wp-content\/uploads\/2019\/10\/IMG_3626-600x600.jpg 600w, https:\/\/caminhododao.org\/wp-content\/uploads\/2019\/10\/IMG_3626-125x125.jpg 125w\" sizes=\"(max-width: 1326px) 100vw, 1326px\" alt=\"Ant\u00f3nio Tavares, archaeologist Mangualde\" loading=\"lazy\" \t\tclass=\"so-widget-image\"\/>\n\t<\/div>\n\n<h3 class=\"widget-title\"><\/h3><\/div><\/div><\/div><div id=\"pgc-992-1-2\"  class=\"panel-grid-cell\" ><div id=\"panel-992-1-2-0\" class=\"so-panel widget widget_sow-image panel-first-child panel-last-child\" data-index=\"3\" ><div\n\t\t\t\n\t\t\tclass=\"so-widget-sow-image so-widget-sow-image-default-8b5b6f678277-992\"\n\t\t\t\n\t\t>\n\n<div class=\"sow-image-container\">\n\t\t<img decoding=\"async\" src=\"https:\/\/caminhododao.org\/wp-content\/uploads\/2019\/10\/CaminhoFvDMFdD.jpg\" width=\"611\" height=\"609\" srcset=\"https:\/\/caminhododao.org\/wp-content\/uploads\/2019\/10\/CaminhoFvDMFdD.jpg 611w, https:\/\/caminhododao.org\/wp-content\/uploads\/2019\/10\/CaminhoFvDMFdD-150x150.jpg 150w, https:\/\/caminhododao.org\/wp-content\/uploads\/2019\/10\/CaminhoFvDMFdD-300x300.jpg 300w, https:\/\/caminhododao.org\/wp-content\/uploads\/2019\/10\/CaminhoFvDMFdD-125x125.jpg 125w\" sizes=\"(max-width: 611px) 100vw, 611px\" alt=\"Presenting Caminho do D\u00e3o\" loading=\"lazy\" \t\tclass=\"so-widget-image\"\/>\n\t<\/div>\n\n<h3 class=\"widget-title\"><\/h3><\/div><\/div><\/div><\/div><div id=\"pg-992-2\"  class=\"panel-grid panel-no-style\" ><div id=\"pgc-992-2-0\"  class=\"panel-grid-cell\" ><div id=\"panel-992-2-0-0\" class=\"so-panel widget widget_sow-image panel-first-child\" data-index=\"4\" ><div\n\t\t\t\n\t\t\tclass=\"so-widget-sow-image so-widget-sow-image-default-8b5b6f678277-992\"\n\t\t\t\n\t\t>\n\n<div class=\"sow-image-container\">\n\t\t<img decoding=\"async\" src=\"https:\/\/caminhododao.org\/wp-content\/uploads\/2019\/10\/Programma.jpg\" width=\"1280\" height=\"1280\" srcset=\"https:\/\/caminhododao.org\/wp-content\/uploads\/2019\/10\/Programma.jpg 1280w, https:\/\/caminhododao.org\/wp-content\/uploads\/2019\/10\/Programma-150x150.jpg 150w, https:\/\/caminhododao.org\/wp-content\/uploads\/2019\/10\/Programma-300x300.jpg 300w, https:\/\/caminhododao.org\/wp-content\/uploads\/2019\/10\/Programma-768x768.jpg 768w, https:\/\/caminhododao.org\/wp-content\/uploads\/2019\/10\/Programma-1024x1024.jpg 1024w, https:\/\/caminhododao.org\/wp-content\/uploads\/2019\/10\/Programma-600x600.jpg 600w, https:\/\/caminhododao.org\/wp-content\/uploads\/2019\/10\/Programma-125x125.jpg 125w\" sizes=\"(max-width: 1280px) 100vw, 1280px\" alt=\"Helena Freitas closing the event\" loading=\"lazy\" \t\tclass=\"so-widget-image\"\/>\n\t<\/div>\n\n<h3 class=\"widget-title\"><\/h3><\/div><\/div><div id=\"panel-992-2-0-1\" class=\"so-panel widget widget_sow-editor panel-last-child\" data-index=\"5\" ><div\n\t\t\t\n\t\t\tclass=\"so-widget-sow-editor so-widget-sow-editor-base\"\n\t\t\t\n\t\t><h3 class=\"widget-title\">Press Release - Main Conclusions Micro F\u00f3rum do Rio D\u00e3o<\/h3>\n<div class=\"siteorigin-widget-tinymce textwidget\">\n\t<p>(translated to English in Google translate = not perfect)<\/p>\n<p>Nos \u00faltimos dias foi publicamente assumido pelo Governo e pelos munic\u00edpios interessados que o rio D\u00e3o, nas pr\u00f3ximas d\u00e9cadas, atrav\u00e9s da Barragem de Fagilde e da sua reconstru\u00e7\u00e3o, continuar\u00e1 a ser o grande garante do abastecimento de \u00e1gua a Viseu e toda uma regi\u00e3o envolvente com aproximadamente 150 mil habitantes.\nDe facto, o rio D\u00e3o tem de ser assumido como o esteio de uma bacia com mais de 1300km2 e atravessando 10 concelhos. Contudo a notoriedade e proje\u00e7\u00e3o do pr\u00f3prio rio D\u00e3o e a sua bacia \u00e9 muito reduzida junto dos agentes p\u00fablicos e da popula\u00e7\u00e3o em geral.<\/p>\n<p>Nesse sentido, decorreu em Viseu, no passado dia 6 de julho, o Micro-F\u00f3rum do Rio D\u00e3o. O evento reuniu diversos acad\u00e9micos, empreendedores, autarcas e associa\u00e7\u00f5es da bacia do rio D\u00e3o com uma forte liga\u00e7\u00e3o ao Rio.\nA principal conclus\u00e3o da reuni\u00e3o foi que muito h\u00e1 a fazer para conservar e valorizar o rio D\u00e3o; a come\u00e7ar pela qualidade da \u00e1gua, o seu ecossistema e o enquadramento ambiental e paisag\u00edstico. Algumas das linhas de \u00e1gua significativas afluentes ao rio D\u00e3o est\u00e3o polu\u00eddas; comprometendo a qualidade da \u00e1gua e o estado ecol\u00f3gico do rio, por exemplo ao n\u00edvel pisc\u00edcola. A resili\u00eancia do ecossistema no corredor ecol\u00f3gico do vale precisa de ser estudado para que possa ser salvaguardado e forne\u00e7a todos os seus servi\u00e7os inestim\u00e1veis, como promover o ciclo da \u00e1gua, prevenir e abrandar os inc\u00eandios florestais e aumentar atratividade para a popula\u00e7\u00e3o, turistas e atividades econ\u00f3micas sustent\u00e1veis.<\/p>\n<p>A desertifica\u00e7\u00e3o territorial e demogr\u00e1fica est\u00e1 a afetar de sobremaneira esta regi\u00e3o do interior. As consequ\u00eancias das Altera\u00e7\u00f5es Clim\u00e1tica que j\u00e1 se fizeram sentir particularmente na regi\u00e3o - vejam-se a seca extrema prolongada e os inc\u00eandios de 2017 -, obrigam igualmente a uma nova abordagem das din\u00e2micas econ\u00f3micas, seja na produ\u00e7\u00e3o e transforma\u00e7\u00e3o florestal, seja ao n\u00edvel tur\u00edstico - o turismo pr\u00f3ximo da natureza tem de mais e melhor explorado - ou ao n\u00edvel da agricultura. Na reuni\u00e3o foram apresentados casos concretos de novos empreendimentos de ecoturismo e atividade agroflorestal na bacia do rio D\u00e3o.<\/p>\n<p>O patrim\u00f3nio hist\u00f3rico cultural e rural em torno do rio D\u00e3o \u00e9 vast\u00edssimo, muito est\u00e1-se a perde, muito h\u00e1 a fazer para o preservar, valorizar e divulgar. \nDe modo n\u00e3o massificado, \u00e9 fundamental trazer as pessoas ao rio D\u00e3o. As praias fluviais devidamente equipadas - \u00e1rea com grande car\u00eancia na regi\u00e3o - \u00e9 elementar. Por exemplo, aguarda-se a conclus\u00e3o de algumas Esta\u00e7\u00f5es de Tratamento de \u00c1gua, em projeto ou constru\u00e7\u00e3o, para que a qualidade da \u00e1gua permita que a popula\u00e7\u00e3o e os visitantes usufruam realmente do Rio.\nA defini\u00e7\u00e3o de trilhos e percursos pedestres, atualmente com muita aceita\u00e7\u00e3o pela popula\u00e7\u00e3o, \u00e9 igualmente muito relevante. As institui\u00e7\u00f5es t\u00eam de estar mais atentas ao modo como abordam o rio D\u00e3o. Por exemplo, como foi assinalado na reuni\u00e3o, n\u00e3o \u00e9 compreens\u00edvel que no mapeamento e divulga\u00e7\u00e3o da Rota dos Vinhos do D\u00e3o, o rio que lhe d\u00e1 nome, n\u00e3o esteja no mapa.<\/p>\n<p>Em diferentes dimens\u00f5es, tem de verificar-se uma maior articula\u00e7\u00e3o e sinergia entre os diversos agentes sejam institucionais, cidad\u00e3os, empreendedores ou associa\u00e7\u00f5es. Tem de se promover um trabalho em rede que sirva um objetivo comum; melhorar as condi\u00e7\u00f5es para vida na bacia hidrogr\u00e1fica do rio D\u00e3o.\nPelo imenso interesse e incentivo dos participantes, pelo potencial do rio D\u00e3o e pelo muito que h\u00e1 a fazer, o coletivo dos promotores do Micro-F\u00f3rum do Rio D\u00e3o v\u00e3o agora continuar o seu trabalho. Sempre numa l\u00f3gica desinteressada, end\u00f3gena e de cidadania e em articula\u00e7\u00e3o estreita com todos, ir\u00e3o agora desenvolver uma Ideia Base para o desenvolvimento sustent\u00e1vel do rio D\u00e3o.<\/p>\n<p>Viseu 16-07-2019<br \/>\nMicro-Forum Organization: Diego Garcia, Freya van Dien, Pedro Baila Antunes.<\/p>\n<\/div>\n<\/div><\/div><\/div><\/div><\/div>","protected":false},"excerpt":{"rendered":"<p>The Micro Forum do Rio D\u00e3o is the result of a shared passion for the D\u00e3o river and the need to clean it up and&hellip;<\/p>","protected":false},"author":2,"featured_media":990,"comment_status":"open","ping_status":"open","sticky":false,"template":"","format":"standard","meta":{"_monsterinsights_skip_tracking":false,"_monsterinsights_sitenote_active":false,"_monsterinsights_sitenote_note":"","_monsterinsights_sitenote_category":0,"footnotes":""},"categories":[19,26,15,24,23],"tags":[],"_links":{"self":[{"href":"https:\/\/caminhododao.org\/pt\/wp-json\/wp\/v2\/posts\/992"}],"collection":[{"href":"https:\/\/caminhododao.org\/pt\/wp-json\/wp\/v2\/posts"}],"about":[{"href":"https:\/\/caminhododao.org\/pt\/wp-json\/wp\/v2\/types\/post"}],"author":[{"embeddable":true,"href":"https:\/\/caminhododao.org\/pt\/wp-json\/wp\/v2\/users\/2"}],"replies":[{"embeddable":true,"href":"https:\/\/caminhododao.org\/pt\/wp-json\/wp\/v2\/comments?post=992"}],"version-history":[{"count":19,"href":"https:\/\/caminhododao.org\/pt\/wp-json\/wp\/v2\/posts\/992\/revisions"}],"predecessor-version":[{"id":1032,"href":"https:\/\/caminhododao.org\/pt\/wp-json\/wp\/v2\/posts\/992\/revisions\/1032"}],"wp:featuredmedia":[{"embeddable":true,"href":"https:\/\/caminhododao.org\/pt\/wp-json\/wp\/v2\/media\/990"}],"wp:attachment":[{"href":"https:\/\/caminhododao.org\/pt\/wp-json\/wp\/v2\/media?parent=992"}],"wp:term":[{"taxonomy":"category","embeddable":true,"href":"https:\/\/caminhododao.org\/pt\/wp-json\/wp\/v2\/categories?post=992"},{"taxonomy":"post_tag","embeddable":true,"href":"https:\/\/caminhododao.org\/pt\/wp-json\/wp\/v2\/tags?post=992"}],"curies":[{"name":"wp","href":"https:\/\/api.w.org\/{rel}","templated":true}]}}